{"id":953,"date":"2018-08-17T23:06:31","date_gmt":"2018-08-17T23:06:31","guid":{"rendered":"https:\/\/cedins.org\/?p=953"},"modified":"2018-08-17T23:10:14","modified_gmt":"2018-08-17T23:10:14","slug":"seminarios-idearios-populares-acciones-politicas-y-movilizadoras","status":"publish","type":"post","link":"https:\/\/cedins.org\/index.php\/2018\/08\/17\/seminarios-idearios-populares-acciones-politicas-y-movilizadoras\/","title":{"rendered":"Seminarios: Idearios populares, acciones pol\u00edticas y movilizadoras"},"content":{"rendered":"<p><img fetchpriority=\"high\" decoding=\"async\" class=\"alignleft wp-image-954 size-medium\" src=\"https:\/\/cedins.org\/wp-content\/uploads\/2018\/08\/ideariospereira_armenia_web-209x300.jpg\" alt=\"\" width=\"209\" height=\"300\" srcset=\"https:\/\/cedins.org\/wp-content\/uploads\/2018\/08\/ideariospereira_armenia_web-209x300.jpg 209w, https:\/\/cedins.org\/wp-content\/uploads\/2018\/08\/ideariospereira_armenia_web.jpg 500w\" sizes=\"(max-width: 209px) 100vw, 209px\" \/>Seminario &#8220;Idearios Populares: Acciones Pol\u00edticas y Movilizadoras&#8221;_ La Corporaci\u00f3n para la Educaci\u00f3n e Investigaci\u00f3n Popular \u2013 Instituto Nacional Sindical CEDINS, contin\u00faa en Colombia con la generaci\u00f3n de espacios de encuentro y de debate en temas atinentes al campo popular. Para esta ocasi\u00f3n convocamos en #Pereira y #Armenia a una reflexi\u00f3n acerca de los idearios de las izquierdas y el campo popular, los debates y los desaf\u00edos actuales en un momento caracterizado por una fuerte disputa ideol\u00f3gica, en la que se pretende devastar los ideales de rebeld\u00eda de los pueblos y de transformaci\u00f3n pol\u00edtica y social.<\/p>\n<p>Bajo este presupuesto queremos poner a dialogar diversas perspectivas sobre qu\u00e9 se entiende hoy por cambio social, en di\u00e1logo con organizaciones sociales, movimientos populares e intelectuales de los departamentos de Caldas y Risaralda. En ese mismo sentido los discursos tradicionales de los movimientos sociales, con perspectivas contempor\u00e1neas que beben del feminismo, la ecolog\u00eda pol\u00edtica o las nuevas est\u00e9ticas. La intenci\u00f3n es propiciar una conversaci\u00f3n sobre diversos abordajes para asumir las luchas populares hoy, tomando como punto de partida algunos conceptos clave como; lo com\u00fan, la clase, lo popular, la transici\u00f3n ecol\u00f3gica, los feminismos, el socialismo, entre otros.<\/p>\n<p>Pereira: Viernes 24 de agosto<\/p>\n<p>Armenia: S\u00e1bado 25 de agosto<\/p>\n","protected":false},"excerpt":{"rendered":"<p>Seminario &#8220;Idearios Populares: Acciones Pol\u00edticas y Movilizadoras&#8221;_ La Corporaci\u00f3n para la Educaci\u00f3n e Investigaci\u00f3n Popular \u2013 Instituto Nacional Sindical CEDINS, contin\u00faa en Colombia con la generaci\u00f3n de espacios de encuentro y de debate en temas atinentes al campo popular. Para esta ocasi\u00f3n convocamos en #Pereira y #Armenia a una reflexi\u00f3n acerca de los idearios de [&hellip;]<\/p>\n","protected":false},"author":3,"featured_media":954,"comment_status":"open","ping_status":"closed","sticky":false,"template":"","format":"standard","meta":{"footnotes":"","jetpack_publicize_message":"","jetpack_publicize_feature_enabled":true,"jetpack_social_post_already_shared":true,"jetpack_social_options":{"image_generator_settings":{"template":"highway","default_image_id":0,"font":"","enabled":false},"version":2}},"categories":[7],"tags":[],"class_list":["post-953","post","type-post","status-publish","format-standard","has-post-thumbnail","hentry","category-investigaci"],"jetpack_publicize_connections":[],"jetpack_featured_media_url":"https:\/\/cedins.org\/wp-content\/uploads\/2018\/08\/ideariospereira_armenia_web.jpg","_links":{"self":[{"href":"https:\/\/cedins.org\/index.php\/wp-json\/wp\/v2\/posts\/953","targetHints":{"allow":["GET"]}}],"collection":[{"href":"https:\/\/cedins.org\/index.php\/wp-json\/wp\/v2\/posts"}],"about":[{"href":"https:\/\/cedins.org\/index.php\/wp-json\/wp\/v2\/types\/post"}],"author":[{"embeddable":true,"href":"https:\/\/cedins.org\/index.php\/wp-json\/wp\/v2\/users\/3"}],"replies":[{"embeddable":true,"href":"https:\/\/cedins.org\/index.php\/wp-json\/wp\/v2\/comments?post=953"}],"version-history":[{"count":1,"href":"https:\/\/cedins.org\/index.php\/wp-json\/wp\/v2\/posts\/953\/revisions"}],"predecessor-version":[{"id":955,"href":"https:\/\/cedins.org\/index.php\/wp-json\/wp\/v2\/posts\/953\/revisions\/955"}],"wp:featuredmedia":[{"embeddable":true,"href":"https:\/\/cedins.org\/index.php\/wp-json\/wp\/v2\/media\/954"}],"wp:attachment":[{"href":"https:\/\/cedins.org\/index.php\/wp-json\/wp\/v2\/media?parent=953"}],"wp:term":[{"taxonomy":"category","embeddable":true,"href":"https:\/\/cedins.org\/index.php\/wp-json\/wp\/v2\/categories?post=953"},{"taxonomy":"post_tag","embeddable":true,"href":"https:\/\/cedins.org\/index.php\/wp-json\/wp\/v2\/tags?post=953"}],"curies":[{"name":"wp","href":"https:\/\/api.w.org\/{rel}","templated":true}]}}