{"id":9336,"date":"2026-09-03T01:16:32","date_gmt":"2026-09-03T01:16:32","guid":{"rendered":"https:\/\/cedins.org\/?p=9336"},"modified":"2026-09-03T01:40:54","modified_gmt":"2026-09-03T01:40:54","slug":"tolima-bajo-fuego-estudio-de-caso-de-los-incendios-forestales-en-colombia","status":"publish","type":"post","link":"https:\/\/cedins.org\/index.php\/2026\/09\/03\/tolima-bajo-fuego-estudio-de-caso-de-los-incendios-forestales-en-colombia\/","title":{"rendered":"Tolima bajo fuego: estudio de caso de los incendios forestales en Colombia"},"content":{"rendered":"\n<figure class=\"wp-block-image aligncenter size-full\"><img fetchpriority=\"high\" decoding=\"async\" width=\"700\" height=\"525\" src=\"https:\/\/cedins.org\/wp-content\/uploads\/2026\/09\/incdio.png\" alt=\"\" class=\"wp-image-9339\" srcset=\"https:\/\/cedins.org\/wp-content\/uploads\/2026\/09\/incdio.png 700w, https:\/\/cedins.org\/wp-content\/uploads\/2026\/09\/incdio-300x225.png 300w, https:\/\/cedins.org\/wp-content\/uploads\/2026\/09\/incdio-205x154.png 205w, https:\/\/cedins.org\/wp-content\/uploads\/2026\/09\/incdio-480x360.png 480w\" sizes=\"(max-width: 700px) 100vw, 700px\" \/><\/figure>\n\n\n\n<p class=\"has-black-color has-text-color has-link-color wp-elements-1 wp-block-paragraph\"><strong>Freddy D\u00edaz \u2013 Garc\u00eda<\/strong> *<br><br>Si bien los incendios forestales generan percepciones negativas en un sector importante de la sociedad, naturalmente son un proceso que hace parte de los ciclos de los bosques y son claves para su renovaci\u00f3n. Concretamente son fundamentales en los bosques boreales, ubicados en la parte norte del planeta, en ellos el fuego es necesario para dejar minerales disponibles contenidos en las cenizas, as\u00ed como para abrir las semillas, y lograr reproducirse, en algunas especies que requieren de alt\u00edsimas temperaturas para ello.<br><br>Ahora bien, los incendios forestales en los tr\u00f3picos que, si bien ocurren, son menos frecuentes, debido al microclima h\u00famedo propio de ellos y las altas precipitaciones. Sin embargo, esas caracter\u00edsticas no los hace inmunes, las temporadas secas intensas, como las producidas durante el fen\u00f3meno de El Ni\u00f1o -ENSO- pueden provocar incendios forestales capaces de hacer desaparecer selvas enteras: \u00e1rboles, pl\u00e1ntulas y las coberturas del suelo, as\u00ed como da\u00f1ar profundamente las semillas que se encuentran en latencia. <br><br>Esos procesos han sido modificados por los cambios en el uso del suelo promovidos por actividades culturales desarrolladas por las sociedades y que han pasado de generaci\u00f3n en generaci\u00f3n como parte de sus labores productivas. Alteraciones mayores son las que producen los negocios agroindustriales que incluyen el cambio de selvas a pastos para ganader\u00eda o la instalaci\u00f3n de monocultivos: unos y otros son altamente inflamables. <br><br>El campesinado hace uso de las quemas controladas hechas con el objetivo de limpiar el \u00e1rea para la siguiente siembra. Aunque a veces se salen de control, la experiencia campesina ha manejado por d\u00e9cadas esta pr\u00e1ctica que les permite aporte parcial de nutrientes. En este caso, se logra cierto equilibrio reduciendo los conflictos de uso, ya que oferta ambiental y sociocultural guardan correspondencia (Vera Rodr\u00edguez. et. al, 2025). <br> <br>Todas estas din\u00e1micas generan alteraciones en el ciclo hidrol\u00f3gico, provocan la p\u00e9rdida de humedad, lo que facilita la producci\u00f3n y expansi\u00f3n del fuego. Lo cual en medio de altas olas de calor y la reducci\u00f3n de precipitaciones llevan a los ecosistemas a la vulnerabilidad extrema.<br><br><strong>El caso tolimense<\/strong><br><br>El denominado fen\u00f3meno del \u2018s\u00faper\u2019 Ni\u00f1o se ha expresado en el pa\u00eds, entre otras formas, con m\u00faltiples focos de incendios forestales en diferentes regiones. De acuerdo a la UNGRD (2026), hay 21 incendios activos en Colombia, once de ellos ubicados en el departamento del Tolima.<br><br>La dimensi\u00f3n de los incendios en el departamento ha llamado la atenci\u00f3n de la opini\u00f3n p\u00fablica, as\u00ed como ha despertado grandes inquietudes en la ciudadan\u00eda y preocupaciones por las implicaciones sobre las vidas humanas, la biodiversidad y los da\u00f1os materiales que pueden generar.<br><br>Para el caso de este texto, los incendios mapeados corresponden al corte temporal del 3 al 26 de agosto del presente a\u00f1o. En esa temporalidad se identificaron doscientos treinta y seis hotspots  (FIRMS, 2026) distribuidos por todo el departamento (ver figura 1).<br><br><strong>Figura 1.<\/strong> Incendios Forestales Durante el mes de Agosto del a\u00f1o 2026 en el Departamento del Tolima<\/p>\n\n\n\n<figure class=\"wp-block-image size-full\"><img decoding=\"async\" width=\"920\" height=\"650\" src=\"https:\/\/cedins.org\/wp-content\/uploads\/2026\/09\/image.png\" alt=\"\" class=\"wp-image-9340\" srcset=\"https:\/\/cedins.org\/wp-content\/uploads\/2026\/09\/image.png 920w, https:\/\/cedins.org\/wp-content\/uploads\/2026\/09\/image-300x212.png 300w, https:\/\/cedins.org\/wp-content\/uploads\/2026\/09\/image-767x542.png 767w, https:\/\/cedins.org\/wp-content\/uploads\/2026\/09\/image-205x145.png 205w, https:\/\/cedins.org\/wp-content\/uploads\/2026\/09\/image-480x339.png 480w\" sizes=\"(max-width: 920px) 100vw, 920px\" \/><\/figure>\n\n\n\n<p class=\"has-black-color has-text-color has-link-color wp-elements-2 wp-block-paragraph\">Autor (2026).<br><br>Como se observa, la gran mayor\u00eda de los focos se localizan en el centro del departamento y cerca de la ciudad de Ibagu\u00e9. En menor medida, algunos se ubican en el sur y norte. Se puede anotar, adem\u00e1s, que la gran mayor\u00eda de ellos se localizan en las zonas monta\u00f1osas.<br><br>Es importante se\u00f1alar que si bien no todos esos puntos son exclusivamente incendios, s\u00ed es posible deducir que en las zonas en las que existe mayor concentraci\u00f3n de estos focos corresponde a los incendios forestales que se han expandido por el departamento.<br><br><strong>Incendios y conflictos por el uso del suelo<\/strong><br><br>Como paso inicial del an\u00e1lisis es necesario partir de la metodolog\u00eda Corine Land Cover adoptada por Cortolima (2022), con ella es posible identificar las coberturas que hay en el departamento. Para este ejercicio se utilizar\u00e1n las \u00e1reas identificadas como \u2018Territorios Agr\u00edcolas\u2019 (ver figura 2) y \u2018Bosques y \u00c1reas Seminaturales\u2019 (ver figura 3); para ambos casos no se har\u00e1 distinci\u00f3n respecto a niveles menores que desarrolla la metodolog\u00eda mencionada. Con ello, se busca analizar el comportamiento del fuego respecto a estas dos coberturas.<br><br><strong>Figura 2.<\/strong> Territorios Agr\u00edcolas en el Departamento del Tolima<br> <br><\/p>\n\n\n\n<figure class=\"wp-block-image aligncenter size-full\"><img decoding=\"async\" width=\"920\" height=\"650\" src=\"https:\/\/cedins.org\/wp-content\/uploads\/2026\/09\/image-1.png\" alt=\"\" class=\"wp-image-9341\" srcset=\"https:\/\/cedins.org\/wp-content\/uploads\/2026\/09\/image-1.png 920w, https:\/\/cedins.org\/wp-content\/uploads\/2026\/09\/image-1-300x212.png 300w, https:\/\/cedins.org\/wp-content\/uploads\/2026\/09\/image-1-767x542.png 767w, https:\/\/cedins.org\/wp-content\/uploads\/2026\/09\/image-1-205x145.png 205w, https:\/\/cedins.org\/wp-content\/uploads\/2026\/09\/image-1-480x339.png 480w\" sizes=\"(max-width: 920px) 100vw, 920px\" \/><\/figure>\n\n\n\n<p class=\"has-black-color has-text-color has-link-color wp-elements-3 wp-block-paragraph\">Autor (2026).<br><br>De acuerdo a la anterior figura, una cantidad considerable de hotspots se localizan en zonas de cultivo, lo cual puede asumirse como quemas controladas asociadas a labores agropecuarias.<br><br>Llama la atenci\u00f3n, sin embargo, que algunos de esos puntos calientes est\u00e1n ubicados fuera de los denominados territorios agr\u00edcolas.<br><br><strong>Figura 3.<\/strong> Bosques y \u00c1reas Seminaturales en el Departamento del Tolima<br><\/p>\n\n\n\n<figure class=\"wp-block-image aligncenter size-full\"><img loading=\"lazy\" decoding=\"async\" width=\"920\" height=\"650\" src=\"https:\/\/cedins.org\/wp-content\/uploads\/2026\/09\/image-2.png\" alt=\"\" class=\"wp-image-9342\" srcset=\"https:\/\/cedins.org\/wp-content\/uploads\/2026\/09\/image-2.png 920w, https:\/\/cedins.org\/wp-content\/uploads\/2026\/09\/image-2-300x212.png 300w, https:\/\/cedins.org\/wp-content\/uploads\/2026\/09\/image-2-767x542.png 767w, https:\/\/cedins.org\/wp-content\/uploads\/2026\/09\/image-2-205x145.png 205w, https:\/\/cedins.org\/wp-content\/uploads\/2026\/09\/image-2-480x339.png 480w\" sizes=\"(max-width: 920px) 100vw, 920px\" \/><\/figure>\n\n\n\n<p class=\"has-black-color has-text-color has-link-color wp-elements-4 wp-block-paragraph\">Autor (2026).<br><br>Por su parte, en las coberturas boscosas y seminaturales, la gran mayor\u00eda de los puntos de anomal\u00edas t\u00e9rmicas se localizan sobre ellas. De tal manera, sumado esto a lo identificado con los Territorios Agr\u00edcolas, podr\u00eda considerarse que se han utilizado los incendios para ampliar la frontera agr\u00edcola luego de la eliminaci\u00f3n de los boques.<br><br>Respecto a ese punto, el Bosque Seco Tropical presente en el departamento ha generado especiales preocupaciones por su importancia ecol\u00f3gica, pero especialmente porque es uno de los ecosistemas m\u00e1s amenazados por actividades agropecuarias y la deforestaci\u00f3n. En el pa\u00eds ha sido tal la afectaci\u00f3n que ha sufrido este ecosistema, que existe, apenas, cerca del 8% de su extensi\u00f3n original (Salcedo, 2025). Lo cual muestra la importancia de su conservaci\u00f3n.<br><br>La figura 4 muestra la localizaci\u00f3n del Bosque Seco Tropical en el departamento, as\u00ed como la presencia de los focos.<br><\/p>\n\n\n\n<p class=\"has-black-color has-text-color has-link-color wp-elements-5 wp-block-paragraph\"><strong>Figura 4.<\/strong> Bosque Seco Tropical en el Departamento del Tolima<\/p>\n\n\n\n<figure class=\"wp-block-image size-full\"><img loading=\"lazy\" decoding=\"async\" width=\"920\" height=\"650\" src=\"https:\/\/cedins.org\/wp-content\/uploads\/2026\/09\/image-3.png\" alt=\"\" class=\"wp-image-9343\" srcset=\"https:\/\/cedins.org\/wp-content\/uploads\/2026\/09\/image-3.png 920w, https:\/\/cedins.org\/wp-content\/uploads\/2026\/09\/image-3-300x212.png 300w, https:\/\/cedins.org\/wp-content\/uploads\/2026\/09\/image-3-767x542.png 767w, https:\/\/cedins.org\/wp-content\/uploads\/2026\/09\/image-3-205x145.png 205w, https:\/\/cedins.org\/wp-content\/uploads\/2026\/09\/image-3-480x339.png 480w\" sizes=\"(max-width: 920px) 100vw, 920px\" \/><\/figure>\n\n\n\n<p class=\"has-black-color has-text-color has-link-color wp-elements-6 wp-block-paragraph\">Autor (2026).<br><br>Como se logra apreciar, si bien no toda el \u00e1rea del bosque seco se ve afectada, algunas zonas localizadas en el centro del departamento sufren la incidencia de los focos de calor identificados.<br><br><strong>Oro, cobre y petr\u00f3leo como combustible<\/strong><br><br>As\u00ed como son coincidentes \u00e1reas boscosas y agropecuarias, algunos t\u00edtulos mineros (ANM, 2026), pero especialmente solicitudes, por la gran cantidad que son, 571 (ANM, 2026), tambi\u00e9n encajan con los puntos identificados como susceptibles de ser incendios forestales.<br><br>La figura 5 muestra la localizaci\u00f3n tanto de t\u00edtulos como solicitudes mineras, as\u00ed como la localizaci\u00f3n de los hotspots.<br><\/p>\n\n\n\n<p class=\"has-black-color has-text-color has-link-color wp-elements-7 wp-block-paragraph\"><strong>Figura 5<\/strong>. T\u00edtulos y Solicitudes Mineras en el Departamento del Tolima <br><\/p>\n\n\n\n<figure class=\"wp-block-image aligncenter size-full\"><img loading=\"lazy\" decoding=\"async\" width=\"920\" height=\"650\" src=\"https:\/\/cedins.org\/wp-content\/uploads\/2026\/09\/image-4.png\" alt=\"\" class=\"wp-image-9345\" srcset=\"https:\/\/cedins.org\/wp-content\/uploads\/2026\/09\/image-4.png 920w, https:\/\/cedins.org\/wp-content\/uploads\/2026\/09\/image-4-300x212.png 300w, https:\/\/cedins.org\/wp-content\/uploads\/2026\/09\/image-4-767x542.png 767w, https:\/\/cedins.org\/wp-content\/uploads\/2026\/09\/image-4-205x145.png 205w, https:\/\/cedins.org\/wp-content\/uploads\/2026\/09\/image-4-480x339.png 480w\" sizes=\"(max-width: 920px) 100vw, 920px\" \/><\/figure>\n\n\n\n<p class=\"has-black-color has-text-color has-link-color wp-elements-8 wp-block-paragraph\">Autor (2026).<br><br>Como se indicaba previamente, los t\u00edtulos mineros que coinciden espacialmente son una cantidad bastante baja. Mientras que las solicitudes, concentradas en su gran mayor\u00eda al centro y al norte del departamento, corresponden a las zonas de incidencia en las que se encuentran la mayor cantidad de focos.<br><br>Es precisamente en esas \u00e1reas donde se busca extraer oro, plata, cobre, molibdeno, entre otros minerales. Dentro de las empresas solicitantes resaltan Nacional de Minerales y Metales SAS cuya sede se ubica en Medell\u00edn; Green Rock Geological Services SAS, dedicada a la extracci\u00f3n de cobre y cuya oficina est\u00e1 localizada en Barrancas, La Guajira; Activos Mineros de Colombia SAS, cuya oficina matriz est\u00e1 en Medell\u00edn e Eaton Gold SAS, localizada en la misma ciudad.<br><br>Sin lugar a dudad existen muchos m\u00e1s solicitantes, tanto personas naturales como jur\u00eddicas, pero los se\u00f1alados previamente resaltan por tres elementos: la cantidad de solicitudes que poseen, el tama\u00f1o de los pol\u00edgonos y por la cercan\u00eda a las zonas incendiadas.<br><br>Por otro lado, en el Tolima tambi\u00e9n se desarrollan actividades ligadas a la exploraci\u00f3n y extracci\u00f3n petrolera, la figura 6 muestra la localizaci\u00f3n de los bloques petroleros presentes en el departamento.<br><br><strong>Figura 6.<\/strong> Bloques Petroleros en el Departamento del Tolima <\/p>\n\n\n\n<figure class=\"wp-block-image size-full\"><img loading=\"lazy\" decoding=\"async\" width=\"920\" height=\"650\" src=\"https:\/\/cedins.org\/wp-content\/uploads\/2026\/09\/image-5.png\" alt=\"\" class=\"wp-image-9346\" srcset=\"https:\/\/cedins.org\/wp-content\/uploads\/2026\/09\/image-5.png 920w, https:\/\/cedins.org\/wp-content\/uploads\/2026\/09\/image-5-300x212.png 300w, https:\/\/cedins.org\/wp-content\/uploads\/2026\/09\/image-5-767x542.png 767w, https:\/\/cedins.org\/wp-content\/uploads\/2026\/09\/image-5-205x145.png 205w, https:\/\/cedins.org\/wp-content\/uploads\/2026\/09\/image-5-480x339.png 480w\" sizes=\"(max-width: 920px) 100vw, 920px\" \/><\/figure>\n\n\n\n<p class=\"has-black-color has-text-color has-link-color wp-elements-9 wp-block-paragraph\">Autor (2026).<br><br>Partiendo de la informaci\u00f3n entregada por la anterior figura, es posible se\u00f1alar que en el departamento se localizan bloques en proceso de exploraci\u00f3n y de explotaci\u00f3n al norte, nororiente, suroriente y en el centro (ANH, 2026). Precisamente en esa regi\u00f3n en la que se localizan los bloques m\u00e1s grandes para cada una de esas actividades, misma en la que se concentran la mayor\u00eda de focos de incendios. La tabla 1 presenta la informaci\u00f3n de los bloques localizados en esa \u00e1rea del Tolima.<br><br><strong>Tabla 1.<\/strong> Informaci\u00f3n de bloques petroleros<br><\/p>\n\n\n\n<figure class=\"wp-block-table\"><table class=\"has-fixed-layout\"><tbody><tr><td><strong>Contrato<\/strong><\/td><td><strong>Estado del \u00e1rea<\/strong><\/td><td><strong>Operador<\/strong><\/td><\/tr><tr><td>VSMV4<\/td><td>Exploraci\u00f3n<\/td><td>Maurel and Prom Colombia B.V<\/td><\/tr><tr><td>VSM 25<\/td><td>Exploraci\u00f3n<\/td><td>Parex Resources (Colombia) AG<\/td><\/tr><tr><td>VSM 3<\/td><td>Exploraci\u00f3n<\/td><td>Telpico Colombia LLC<\/td><\/tr><tr><td>Buganviles<\/td><td>Extracci\u00f3n<\/td><td>Frontera Energy Colombia Corp.<\/td><\/tr><tr><td>Abanico<\/td><td>Extracci\u00f3n<\/td><td>Frontera Energy Colombia Corp.<\/td><\/tr><tr><td>Chipalo<\/td><td>Extracci\u00f3n<\/td><td>Las Quinchas Resources Corp.<\/td><\/tr><tr><td>San Luis<\/td><td>Extracci\u00f3n<\/td><td>Ecopetrol S.A<\/td><\/tr><tr><td>Doima<\/td><td>Extracci\u00f3n<\/td><td>Ecopetrol S.A<\/td><\/tr><tr><td>Ortega<\/td><td>Extracci\u00f3n<\/td><td>Hocol S.A<\/td><\/tr><tr><td>Toldado<\/td><td>Extracci\u00f3n<\/td><td>Hocol S.A<\/td><\/tr><tr><td>Tolima<\/td><td>Extracci\u00f3n<\/td><td>Hocol S.A<\/td><\/tr><tr><td>Chaparral<\/td><td>Extracci\u00f3n<\/td><td>Ecopetrol S.A<\/td><\/tr><\/tbody><\/table><\/figure>\n\n\n\n<p class=\"has-black-color has-text-color has-link-color wp-elements-10 wp-block-paragraph\">Fuente: Adaptado por el autor (2026).<br><br>Es necesario se\u00f1alar que en los bloques sin asignar tambi\u00e9n se identificaron una cantidad considerables de focos de incendios.<br><br><strong>Seguridad alimentaria en tierra quemada<\/strong><br><br>Comprender las APAA y las ZAPPA m\u00e1s all\u00e1 de la producci\u00f3n de alimentos permite comprender la importancia de esas figuras y las implicaciones que conllevar\u00edan luego de que Abelardo de la Espriella las derogue. Tanto las ubicadas en Cundinamarca, La Guajira, Antioquia y en el Tolima no s\u00f3lo buscaban proteger los suelos m\u00e1s productivos del pa\u00eds, sino adem\u00e1s frenar megaproyectos que afectar\u00edan profundamente los ecosistemas del pa\u00eds.<br><br>Para el caso del Tolima, las ZAPPA se ubican en los municipios de Casabianca, Falan, Fresno, Herveo, L\u00edbano, Palocabildo, Murillo y Villahermosa (ver figura 7).<br><br><strong>Figura 7.<\/strong> Zonas de Protecci\u00f3n para la Producci\u00f3n de Alimentos en el Departamento del Tolima<\/p>\n\n\n\n<figure class=\"wp-block-image aligncenter size-full\"><img loading=\"lazy\" decoding=\"async\" width=\"920\" height=\"650\" src=\"https:\/\/cedins.org\/wp-content\/uploads\/2026\/09\/image-6.png\" alt=\"\" class=\"wp-image-9347\" srcset=\"https:\/\/cedins.org\/wp-content\/uploads\/2026\/09\/image-6.png 920w, https:\/\/cedins.org\/wp-content\/uploads\/2026\/09\/image-6-300x212.png 300w, https:\/\/cedins.org\/wp-content\/uploads\/2026\/09\/image-6-767x542.png 767w, https:\/\/cedins.org\/wp-content\/uploads\/2026\/09\/image-6-205x145.png 205w, https:\/\/cedins.org\/wp-content\/uploads\/2026\/09\/image-6-480x339.png 480w\" sizes=\"(max-width: 920px) 100vw, 920px\" \/><\/figure>\n\n\n\n<p class=\"has-black-color has-text-color has-link-color wp-elements-11 wp-block-paragraph\">Autor (2026).<br><br>Para el caso tolimense, las ZAPPA coinciden con las solicitudes mineras localizadas en el norte del departamento pero adem\u00e1s, en esa misma zona, se identificaron temperaturas an\u00f3malas en el \u00e1rea. La falta de tierra cultivable podr\u00eda considerarse como un motivo m\u00e1s para la entrega de t\u00edtulos mineros.<br><br><strong>A modo de cierre<\/strong><br><br>Si bien es cierto que la correlaci\u00f3n no significa causalidad y que los datos presentados en este texto no pueden mostrar quien o quienes generaron los incendios, tampoco como iniciaron, ni la direcci\u00f3n que tomaron, y que el Decreto 1076 del 2015 se\u00f1ala que el suelo degradado, para este caso por incendios, pasa a priorizar su restauraci\u00f3n, nada puede asumirse como casualidad. La evidencia en el pa\u00eds muestra hasta la saciedad que se han utilizado diferentes formas para vaciar territorios para su posterior aprovechamiento, as\u00ed que la falta de evidencia no puede negar los intereses que se disputan.<br><br>No es s\u00f3lo el Tolima el que se encuentra en llamas. Los geovisores especializados muestran como las zonas monta\u00f1osas del pa\u00eds est\u00e1n sufriendo fuertes incendios, muchos de ellos en los que se desarrollan o desarrollar\u00edan megaproyectos de diferente tipo. Pero pareciese que el Tolima fue el \u201cpaciente cero\u201d sobre el que se encuentran la acci\u00f3n, la reacci\u00f3n y las consecuencias ya no s\u00f3lo del cambio clim\u00e1tico, sino de su aprovechamiento como una variable m\u00e1s en la disputa del espacio, de los usos del suelo y de las territorialidades.<br><br><strong>Referencias<\/strong><\/p>\n\n\n\n<p class=\"has-black-color has-text-color has-link-color wp-elements-12 wp-block-paragraph\">* Freddy Alexander D\u00edaz G. Investigador y educador popular de Cedins y de la Red Observatorio Latinoamericana de Estudios sobre Geopol\u00edtica, Doctrina, Conflictos y Bienes Estrat\u00e9gicos.<br><br>Agencia Nacional de Hidrocarburos. (2026). Mapa de Tierras.<br><br>Agencia Nacional de Miner\u00eda. (2026). Solicitudes Mineras.<br><br>Agencia Nacional de Miner\u00eda. (2026). T\u00edtulos Mineros.<br><br>Corporaci\u00f3n Aut\u00f3noma del Tolima. (2022). Cobertura de la Tierra Tolima.<br><br>NASA. (2026). Fire Information for Resource Management System.<br><br>Salcedo, J. (2025). Bosques Secos Tropicales en Colombia: un Desaf\u00edo para la paz Ambiental Territorial. Bolet\u00edn Semillas Ambientales. Vol. 1 No. 2 \u2013 2025. pp. 29 \u2013 31. Universidad Distrital Francisco Jos\u00e9 de Caldas. Bogot\u00e1.<br><br>Unidad Nacional para la Gesti\u00f3n del riesgo de Desastres. [@UNGRD]. (26 de agosto del 2026). #UNGRDInforma | La Unidad Nacional para la Gesti\u00f3n del Riesgo de Desastres mantiene monitoreo de los incendios forestales en Colombia. Actualmente, se presentan: \u2022 21 incendios activos en cinco departamentos. \u2022 2 incendios controlados. Los departamentos donde se concentran las conflagraciones son Tolima (11), Nari\u00f1o (5), Cundinamarca (2), Valle del Cauca (2), Huila (1). Informaci\u00f3n con corte al 26 de agosto, 6:00 p. m. Recuerde consultar \u00fanicamente canales oficiales. [Tweet]. X. http:\/\/x.com\/UNGRD\/status\/2092784637990887732 <br><br>Unidad de Planificaci\u00f3n de Tierras Rurales, Adecuaci\u00f3n de Tierras y Usos Agropecuarios. (2025). Zonas de Protecci\u00f3n para la Producci\u00f3n de Alimentos en el Departamento del Tolima.<br><br>Vera Rodr\u00edguez, J, Espinosa Rico, M y Molano Cardozo, M.  (2025). Atlas de problemas y conflictos ambientales del Tolima : aportes para una resignificaci\u00f3n ambiental del territorio.  (1\u00aa. Ed.).Sello Editorial Universidad del Tolima.<\/p>\n","protected":false},"excerpt":{"rendered":"<p>Freddy D\u00edaz \u2013 Garc\u00eda * Si bien los incendios forestales generan percepciones negativas en un sector importante de la sociedad, naturalmente son un proceso que hace parte de los ciclos de los bosques y son claves para su renovaci\u00f3n. Concretamente son fundamentales en los bosques boreales, ubicados en la parte norte del planeta, en ellos [&hellip;]<\/p>\n","protected":false},"author":3,"featured_media":9339,"comment_status":"open","ping_status":"closed","sticky":false,"template":"","format":"standard","meta":{"footnotes":"","jetpack_publicize_message":"","jetpack_publicize_feature_enabled":true,"jetpack_social_post_already_shared":true,"jetpack_social_options":{"image_generator_settings":{"template":"highway","default_image_id":0,"font":"","enabled":false},"version":2}},"categories":[13,14],"tags":[935,632,41,43,959,960,958,104],"class_list":["post-9336","post","type-post","status-publish","format-standard","has-post-thumbnail","hentry","category-minero-energetico","category-tierras-y-territorios","tag-935","tag-cambio-climatico","tag-cedins","tag-colombia","tag-fenomeno-del-nino","tag-freddy-garcia","tag-incendios-forestales","tag-tolima"],"jetpack_publicize_connections":[],"jetpack_featured_media_url":"https:\/\/cedins.org\/wp-content\/uploads\/2026\/09\/incdio.png","_links":{"self":[{"href":"https:\/\/cedins.org\/index.php\/wp-json\/wp\/v2\/posts\/9336","targetHints":{"allow":["GET"]}}],"collection":[{"href":"https:\/\/cedins.org\/index.php\/wp-json\/wp\/v2\/posts"}],"about":[{"href":"https:\/\/cedins.org\/index.php\/wp-json\/wp\/v2\/types\/post"}],"author":[{"embeddable":true,"href":"https:\/\/cedins.org\/index.php\/wp-json\/wp\/v2\/users\/3"}],"replies":[{"embeddable":true,"href":"https:\/\/cedins.org\/index.php\/wp-json\/wp\/v2\/comments?post=9336"}],"version-history":[{"count":4,"href":"https:\/\/cedins.org\/index.php\/wp-json\/wp\/v2\/posts\/9336\/revisions"}],"predecessor-version":[{"id":9350,"href":"https:\/\/cedins.org\/index.php\/wp-json\/wp\/v2\/posts\/9336\/revisions\/9350"}],"wp:featuredmedia":[{"embeddable":true,"href":"https:\/\/cedins.org\/index.php\/wp-json\/wp\/v2\/media\/9339"}],"wp:attachment":[{"href":"https:\/\/cedins.org\/index.php\/wp-json\/wp\/v2\/media?parent=9336"}],"wp:term":[{"taxonomy":"category","embeddable":true,"href":"https:\/\/cedins.org\/index.php\/wp-json\/wp\/v2\/categories?post=9336"},{"taxonomy":"post_tag","embeddable":true,"href":"https:\/\/cedins.org\/index.php\/wp-json\/wp\/v2\/tags?post=9336"}],"curies":[{"name":"wp","href":"https:\/\/api.w.org\/{rel}","templated":true}]}}