{"id":9278,"date":"2026-05-01T14:35:44","date_gmt":"2026-05-01T14:35:44","guid":{"rendered":"https:\/\/cedins.org\/?p=9278"},"modified":"2026-05-01T15:23:26","modified_gmt":"2026-05-01T15:23:26","slug":"el-combate-cultural-en-el-sindicalismo-independiente-y-clasista","status":"publish","type":"post","link":"https:\/\/cedins.org\/index.php\/2026\/05\/01\/el-combate-cultural-en-el-sindicalismo-independiente-y-clasista\/","title":{"rendered":"El combate cultural en el Sindicalismo Independiente y Clasista"},"content":{"rendered":"\n<figure class=\"wp-block-image size-large\"><img fetchpriority=\"high\" decoding=\"async\" width=\"765\" height=\"1024\" src=\"https:\/\/cedins.org\/wp-content\/uploads\/2026\/05\/sicarte-765x1024.png\" alt=\"\" class=\"wp-image-9282\" srcset=\"https:\/\/cedins.org\/wp-content\/uploads\/2026\/05\/sicarte-765x1024.png 765w, https:\/\/cedins.org\/wp-content\/uploads\/2026\/05\/sicarte-224x300.png 224w, https:\/\/cedins.org\/wp-content\/uploads\/2026\/05\/sicarte-768x1028.png 768w, https:\/\/cedins.org\/wp-content\/uploads\/2026\/05\/sicarte-205x274.png 205w, https:\/\/cedins.org\/wp-content\/uploads\/2026\/05\/sicarte-480x643.png 480w, https:\/\/cedins.org\/wp-content\/uploads\/2026\/05\/sicarte.png 800w\" sizes=\"(max-width: 765px) 100vw, 765px\" \/><\/figure>\n\n\n\n<p class=\"has-black-color has-text-color has-link-color wp-elements-d71293d7b19510721fdc5a19c89bbd5a\">El capital, a trav\u00e9s de la tecnolog\u00eda, ha invadido el tiempo creativo y de ocio de las trabajadoras y trabajadores, convirti\u00e9ndolo en horario extendido de producci\u00f3n y , por lo tanto, de extracci\u00f3n de plusval\u00eda. <br><br>Pero hay otra dimensi\u00f3n de esta situaci\u00f3n: la clase trabajadora es empujada, con muy poca resistencia, a abandonar el campo de la lucha cultural y de la creaci\u00f3n art\u00edstica, bastiones fundamentales del enfrentamiento del trabajo contra el capital. <br><br>Este 1ro de mayo de 2026 el panorama del ejercicio pol\u00edtico del movimiento obrero sindical colombiano se presenta restringido y acotado en el ejercicio de la coyuntura electoral, sin duda importante, pero limitado frente a la construcci\u00f3n de poder obrero y popular y a la superaci\u00f3n de las aberrantes condiciones de explotaci\u00f3n y alienaci\u00f3n que vive la clase obrera y popular. <br><br>En ese sentido siempre es clave entender el c\u00f3mo y por qu\u00e9 se lleg\u00f3 a esta situaci\u00f3n, volviendo a recorrer los caminos y trayectorias de lucha del movimiento obrero en Colombia y sus expresiones sindicales. <br><br>El movimiento sindical independiente en Colombia (1960-1986) libr\u00f3 fuertes batallas pol\u00edticas y culturales que pueden alumbrar el camino de reconstrucci\u00f3n de perspectivas de revoluci\u00f3n y emancipaci\u00f3n. <br><br>Durante todo el mes de mayo CEDINS estar\u00e1 presentando el trabajo musical &#8220;Con el proletario al frente&#8221;, trabajo dedicado al compa\u00f1ero Pacho Castillo, que recupera en nuevas versiones, varios de los temas musicales ligados a las luchas del sindicalismo independiente de los a\u00f1os 60s y 70s. Pero especialmente interesa recuperar el sentido de la creaci\u00f3n art\u00edstica ligada a la lucha pol\u00edtica. <\/p>\n\n\n\n<p class=\"has-vivid-red-color has-text-color has-link-color wp-elements-887f05d0ad23246e942c5734ed543db0\"><a href=\"https:\/\/youtu.be\/g8p2JtTfYCU?si=ygrhvYl3C0hXVBvD\"><strong>VER VIDEO: Pueblo, pueblo Colombiano<\/strong><\/a><\/p>\n\n\n\n<p class=\"has-black-color has-text-color has-link-color wp-elements-84522130a17b6f4fe84596b43ccbbf34\">A continuaci\u00f3n un fragmento del libro &#8220;Hicimos del sindicato una escuela&#8221; (2017), con una aproximaci\u00f3n a las musicas del sindicalismo independiente. <br> <br><strong>3. La m\u00fasica<\/strong><br><br>Una parte significativa de la creaci\u00f3n y producci\u00f3n musical de los sesentas y setentas estuvo ligada directamente a los proyectos sociales y pol\u00edticos y a la izquierda. Sin embargo, al igual que en otras expresiones del arte, se presentan tensiones entre dos vertientes claramente definidas: por un lado, un fuerte movimiento de tendencia hippie, copia criolla del movimiento pacifista norteamericano, cuyas manifestaciones son un rock desangelado, sin el potencial contestatario de sus or\u00edgenes y muy cercano a lo que se conocer\u00e1 como pop. Ritmos dulzones les daban marco a letras rom\u00e1nticas. En este sentido dice Tirado Mej\u00eda (2014): <br><br>\u201cHacia 1967 se percibe una diferenciaci\u00f3n entre las corrientes del rock. La Nueva Ola va cobrando importancia, los cantantes ya son poco rebeldes, se adoptan ritmos lentos del gusto de los adultos, alejados del ritmo acelerado del rock, Las traducciones de las canciones -no muy acordes con las letras originales \u2013 ya no tienen el mismo compromiso social, hablan de amores adolescentes o de asuntos divertidos, no obstante, algunas letras eran producto de escritores nadaistas. La canci\u00f3n Boca de chicle, de Pablus Gallinazus, era considerada el himno de la juventud colombiana\u201d <br><br>Pablus Gallinazus, el mismo del verso:<br> <br> las peque\u00f1as mentiras que t\u00fa dices<br> con tu boca de chicle<br> con tu boca de chicle. <br><br>Es el que va a componer homenajes a la naciente guerrilla colombiana, en temas muy difundidos como La mula revolucionaria:<br> <br> Baja una mula del monte, viene montando Ram\u00f3n<br> mula revolucionaria, baja a la revoluci\u00f3n.<br><br> Cuando hay luna, luna llena: ellos caminan<br> y se duermen con el sol, que es comunista<br> y se acuestan con el sol, nacionalista&#8230;<br><br>Esta tensi\u00f3n es producida por el fuerte contexto de luchas sociales, el ejemplo de la revoluci\u00f3n cubana que empieza a ser referente cultural para la izquierda latinoamericana y la existencia de un movimiento de artistas e intelectuales comprometidos. <br><br>En esta perspectiva, y a\u00fan m\u00e1s cerca, o desde, los movimientos populares, se va a formar un movimiento musical que apela a las tradiciones campesinas, al folklore popular, para lanzar un fuerte mensaje de revoluci\u00f3n y lucha social. El principal representante de esta vertiente ser\u00e1 Jorge Luis Velosa Ruiz (1949).<br><br>Antes de ser conocido como \u201cEl carranguero mayor\u201d y realizar junto a los Carrangueros de R\u00e1quira, m\u00faltiples trabajos musicales, Jorge Velosa fue un activista cultural con una fuerte pertenencia a los movimientos campesinos y obreros. Hizo parte de colectivos de artistas que investigaron el folklor campesino cundiboyacense, produciendo obras que a\u00fan son cantadas en el \u00e1mbito de los movimientos populares y la izquierda, entre las que podemos mencionar La lora proletaria (1973) y Don Ambrosio (1974?).<br><br><strong>La lora proletaria (rumba)<\/strong><br><br> Una vez vide una lora<br> y esa lora mi dic\u00eda:<br> \u201ctuavia los siguen jodindo\u201d<br> yo le diji que tuavia.<br> Anton la lora mi dijo:<br> \u201cpa&#8217; que se dejan joder<br> si se juntan pa&#8217; peliala<br> naiden los va a detener\u201d<br> Ay! larailailaralaralailaila (3 veces)<br><br> Y g\u00fcena raz\u00f3n ten\u00eda<br> pus es la mera verd\u00e1<br> que cuando el pueblo se junte<br> naiden m\u00e1s lo explotar\u00e1.<br> Y asin\u00e1 como al maicito<br> hay que echarle agua y abono<br> tambi\u00e9n a los que nos joden<br> hay que echarles palo y plomo.<br> Ay! larailailaralaralailaila (3 veces)<br><br> Y es que hasta los alimales<br> &#8216;tan cansos de tantas jodas<br> y por eso los jusilan<br> como hicieron con la lora.<br> Dizque por ser subversiva<br> y ense\u00f1ar la gente a mal<br> por darnos malos consejos<br> cuando nos ve\u00eda pasar<br> Ay! larailailaralaralailaila (3 veces)<br><br> Alguien que oy\u00f3 los balazos<br> dijo que ju\u00e9 un melitar<br> d&#8217;esus que le &#8216;tan pagando<br> pa&#8217; veninos a matar.<br> Que la lora al verse herida<br> le grit\u00f3 al unijormao:<br> \u201csiendo que vust\u00e9 es del pueblo<br> por qu\u00e9 &#8216;ta del otro lao<br> Ay! larailailaralaralailaila (3 veces)<br><br> Y ya pa&#8217; tiro e&#8217; morirse<br> y ni un aliento tener<br> dizque segu\u00eda repitiendo:<br> \u201cpa&#8217; qu\u00e9 se dejan joder?\u201d<br> Son vustedes los que han hecho<br> tuito lo que puay se ve,<br> ant\u00f3n, eso no es del rico,<br> sino que eso es de vust\u00e9\u201d<br> Ay! larailailaralaralailaila (3 veces)<br><br> \u201cDeben de juntarse tuitos,<br> obreros y campesinos,<br> porque si queren ser libris<br> puay es ponde va el camino.<br> Con el proletario al frente,<br> con el campesino al lao<br> con la guerrilla avanzando<br> y con el pueblo organizao\u201d<br> Ay! larailailaralaralailaila (3 veces)<br><br><strong>Don Ambrosio (paseo)<\/strong><br><br> Supe ayer que a Don Ambrosio<br> lo botaron de la hacienda<br> por decir que eran sus brazos<br> los que hac\u00edan parir la tierra.<br><br>Estribillo:<br> To&#8217; los d\u00edas pasa lo mismo<br> en uno y en otro lao<br> porque el rico y su gobierno<br> contra el pueblo se han aliao.<br> Todos los d\u00edas pasa lo mismo<br> en uno y en otro lao<br> pero esto no pasar\u00eda<br> con un pueblo organizao.<br><br> En el campo, en las ciudades,<br> en la f\u00e1brica, en la mina,<br> en la iglesia, en los altares,<br> porque hasta Dios les camina.<br> Estribillo: To&#8217; los dias pasa lo mismo&#8230;.<br><br> No es no m\u00e1s al campesino<br> que hasta su vida ha sembrao<br> en esta tierra que juera<br> la de sus antepasaos.<br> No es no m\u00e1s al campesino<br> y es tambi\u00e9n a los obreros<br> al \u00faltimo que ha nacido<br> y al que naci\u00f3 de primero.<br> Estribillo: To&#8217; los dias pasa lo mismo&#8230;<br><br> Al que est\u00e1 cortando ca\u00f1a<br> o est\u00e1 cogiendo el caf\u00e9<br> al que trabaja esta tierra<br> y esta tierra que no es de&#8217;l<br> al que se mete en la mina<br> para sacar el carb\u00f3n<br> al que tiene siempre encima<br> las \u00f3rdenes del patr\u00f3n.<br><br> Estribillo: To&#8217; los dias pasa lo mismo&#8230;<br><br> Es al pueblo compa\u00f1eros<br> y pueblo es el proletario<br> y el pueblo ser\u00e1 quien mande<br> y eso ya no hay que dudarlo.<br> Se nos est\u00e1 haciendo tarde<br> vamos a apurarle al paso<br> que muchos van adelante<br> y tenemos que alcanzarlos.<br><br> Estribillo: To&#8217; los dias pasa lo mismo&#8230;<br><br>Otro artista y activista cultural ligado al sindicalismo independiente y a los movimientos sociales fue Alexis Forero (1953), a quien se debe uno de los himnos populares m\u00e1s representativos de los trabajadores y trabajadoras: En la carpa.<br><br><strong>En la carpa (guabina)<\/strong><br><br> Ya se alistan estos hombres<br> a cumplir con la misi\u00f3n<br> todos son un coraz\u00f3n<br> con la solidez de un roble:<br> hombres ricos, siempre pobres<br> porque engordan otras panzas,<br> son el lao de la balanza<br> donde est\u00e1 el oro macizo<br><br> Ya se levantan del piso<br> y en pasos firmes avanzan. (bis)<br><br> En lo oscuro de la carpa<br> brilla el rostro del obrero<br> las mujeres son el fuego<br> que da calor a la masa;<br> y en los ranchos y en las casas<br> donde ronda la pobreza<br> se ve compartir la mesa<br> con el obrero rebelde;<br><br> Pueblo que lucha es cimiente<br> y al borde una nueva vida. (bis)<br><br> El peso del otro lao<br> se siente descompensar;<br> el patr\u00f3n mira temblar<br> el piso en que est\u00e1 parao;<br> se muestra muy preocupao<br> porque el capital no crece,<br> busca tretas y promete<br> hasta lo que no est\u00e1 escritor <br><br> Y el gobierno tiene listos<br> rompe-huelgas y soldados. (bis)<br><br> Pero la llama que prende<br> el viento no la domina<br> y la amenaza que encima<br> de los obreros se cierne;<br> es en su pecho una fuente<br> de fuerza para avanzar<br> deciden no trabajar<br> pa&#8217; cambiar su mundo de hambre:<br><br> No ser\u00e1n los bueyes de antes<br> con el yugo al espaldar. (bis)<\/p>\n\n\n\n<p><\/p>\n","protected":false},"excerpt":{"rendered":"<p>El capital, a trav\u00e9s de la tecnolog\u00eda, ha invadido el tiempo creativo y de ocio de las trabajadoras y trabajadores, convirti\u00e9ndolo en horario extendido de producci\u00f3n y , por lo tanto, de extracci\u00f3n de plusval\u00eda. Pero hay otra dimensi\u00f3n de esta situaci\u00f3n: la clase trabajadora es empujada, con muy poca resistencia, a abandonar el campo [&hellip;]<\/p>\n","protected":false},"author":3,"featured_media":9282,"comment_status":"open","ping_status":"closed","sticky":false,"template":"","format":"standard","meta":{"footnotes":"","jetpack_publicize_message":"","jetpack_publicize_feature_enabled":true,"jetpack_social_post_already_shared":true,"jetpack_social_options":{"image_generator_settings":{"template":"highway","default_image_id":0,"font":"","enabled":false},"version":2}},"categories":[518,4],"tags":[940,41,43,542,941,579],"class_list":["post-9278","post","type-post","status-publish","format-standard","has-post-thumbnail","hentry","category-movimientos-sociales","category-sindical","tag-arte-obrero","tag-cedins","tag-colombia","tag-cultura-obrera","tag-disputa-cultural","tag-sindicalismo-independiente-y-clasista"],"jetpack_publicize_connections":[],"jetpack_featured_media_url":"https:\/\/cedins.org\/wp-content\/uploads\/2026\/05\/sicarte.png","_links":{"self":[{"href":"https:\/\/cedins.org\/index.php\/wp-json\/wp\/v2\/posts\/9278","targetHints":{"allow":["GET"]}}],"collection":[{"href":"https:\/\/cedins.org\/index.php\/wp-json\/wp\/v2\/posts"}],"about":[{"href":"https:\/\/cedins.org\/index.php\/wp-json\/wp\/v2\/types\/post"}],"author":[{"embeddable":true,"href":"https:\/\/cedins.org\/index.php\/wp-json\/wp\/v2\/users\/3"}],"replies":[{"embeddable":true,"href":"https:\/\/cedins.org\/index.php\/wp-json\/wp\/v2\/comments?post=9278"}],"version-history":[{"count":6,"href":"https:\/\/cedins.org\/index.php\/wp-json\/wp\/v2\/posts\/9278\/revisions"}],"predecessor-version":[{"id":9289,"href":"https:\/\/cedins.org\/index.php\/wp-json\/wp\/v2\/posts\/9278\/revisions\/9289"}],"wp:featuredmedia":[{"embeddable":true,"href":"https:\/\/cedins.org\/index.php\/wp-json\/wp\/v2\/media\/9282"}],"wp:attachment":[{"href":"https:\/\/cedins.org\/index.php\/wp-json\/wp\/v2\/media?parent=9278"}],"wp:term":[{"taxonomy":"category","embeddable":true,"href":"https:\/\/cedins.org\/index.php\/wp-json\/wp\/v2\/categories?post=9278"},{"taxonomy":"post_tag","embeddable":true,"href":"https:\/\/cedins.org\/index.php\/wp-json\/wp\/v2\/tags?post=9278"}],"curies":[{"name":"wp","href":"https:\/\/api.w.org\/{rel}","templated":true}]}}