{"id":9208,"date":"2026-04-04T18:50:18","date_gmt":"2026-04-04T18:50:18","guid":{"rendered":"https:\/\/cedins.org\/?p=9208"},"modified":"2026-04-04T19:06:06","modified_gmt":"2026-04-04T19:06:06","slug":"elementor-9208","status":"publish","type":"post","link":"https:\/\/cedins.org\/index.php\/2026\/04\/04\/elementor-9208\/","title":{"rendered":"Camilo Torres 60&amp;100Pre"},"content":{"rendered":"<p><img fetchpriority=\"high\" decoding=\"async\" src=\"https:\/\/cedins.org\/wp-content\/uploads\/2025\/10\/camilo60-100pre.png\" sizes=\"(max-width: 800px) 100vw, 800px\" srcset=\"https:\/\/cedins.org\/wp-content\/uploads\/2025\/10\/camilo60-100pre.png 800w, https:\/\/cedins.org\/wp-content\/uploads\/2025\/10\/camilo60-100pre-300x268.png 300w, https:\/\/cedins.org\/wp-content\/uploads\/2025\/10\/camilo60-100pre-768x686.png 768w, https:\/\/cedins.org\/wp-content\/uploads\/2025\/10\/camilo60-100pre-205x183.png 205w, https:\/\/cedins.org\/wp-content\/uploads\/2025\/10\/camilo60-100pre-480x429.png 480w\" alt=\"\" width=\"800\" height=\"715\" \/><\/p>\n<p>CAMPA\u00d1A \u201cCAMILO 60&amp;100PRE LEGADO VIVO\u201d<br \/>\nHacia el centenario de Camilo Torres Restrepo (2026\u20132029)<\/p>\n<p>Jorge Camilo Torres Restrepo (1929\u20131966) fue un sacerdote cat\u00f3lico, soci\u00f3logo, educador y revolucionario colombiano, reconocido como el \u201ccura guerrillero\u201d, que es \u201cla mayor expresi\u00f3n del esp\u00edritu rebelde, subversivo y cr\u00edtico\u201d de su pa\u00eds, al decir de Camilo Castellanos. Actualmente hay una disputa de sentido de su memoria. La Campa\u00f1a promueve una recuperaci\u00f3n integral de su experiencia comprometida y revolucionaria.<\/p>\n<p>El 15 de febrero de 2026 conmemoramos los sesenta a\u00f1os de su paso a la inmortalidad y el 3 de febrero de 2029 celebramos los cien a\u00f1os de su nacimiento. Por ello, diversos equipos de investigaci\u00f3n, movimientos populares, instituciones acad\u00e9micas, art\u00edstico\u2013culturales y ecum\u00e9nicas, movimientos cristianos de izquierdas o con compromiso social, editoriales, y colectivos gr\u00e1ficos de Colombia y otros pa\u00edses latinoamericanos y caribe\u00f1os dise\u00f1amos e impulsamos una Hoja de ruta para el trienio 2026\u20132029 que llamamos: Campa\u00f1a \u201cCamilo 60&amp;100pre Legado Vivo\u201d.<\/p>\n<p>La Campa\u00f1a es una propuesta abierta y din\u00e1mica que busca recuperar la praxis integral de Camilo Torres y potenciar hist\u00f3ricamente su memoria para promover, retomar y actualizar: (a) una mirada de la \u00e9tica cristiana y de la espiritualidad comprometida, que \u00e9l llam\u00f3 Amor Eficaz, fundamento de la Teolog\u00eda de la Liberaci\u00f3n, y que ha acompa\u00f1ado y\/o dinamizado las luchas emancipatorias del \u00faltimo medio siglo; (b) una praxis educativa\u2013sociol\u00f3gica dial\u00f3gica, situada, comprometida y liberacionista, semilla de la Educaci\u00f3n Popular y la Investigaci\u00f3n\u2013Acci\u00f3n Participativa; y, (c) un proyecto pol\u00edtico renovado, en clave de la filosof\u00eda pol\u00edtica latinoamericana, que avanza hacia un Socialismo propio, heterodoxo, raizal y nuestroamericano.<\/p>\n<p>Son l\u00edneas fundamentales de la Campa\u00f1a \u201cCamilo 60&amp;100pre Legado Vivo\u201d:<\/p>\n<p>1. Archivos y memoria. Consolidar los repositorios existentes y construir un \u201carchivo vivo\u201d, creando un reservorio o Archivo Virtual Digital (AVD). Se busca una reapropiaci\u00f3n de la memoria material y documental de Camilo por parte de los distintos sectores sociales, acad\u00e9micos, religiosos, investigativos y pol\u00edticos.<\/p>\n<p>2. Acciones formativas y procesos educativos. Dise\u00f1ar, socializar y poner en pr\u00e1ctica acciones formativas, foros, Seminarios, conversatorios y procesos educativos que divulguen y profundicen la memoria y legado de Camilo, sobre \u00e9l mismo o en relaci\u00f3n con su tiempo hist\u00f3rico. Adem\u00e1s, incluir a Camilo en las redes y espacios de formaci\u00f3n existentes en las que nos articulamos.<\/p>\n<p>3. Iniciativas editoriales. Preparar, difundir y apropiar el pensamiento de Camilo y la investigaci\u00f3n relacionada con su vida\u2013obra, mediante la publicaci\u00f3n de diversos materiales (colecciones o libros), en colaboraci\u00f3n o de manera propia. Para ello, podr\u00eda pensarse una articulaci\u00f3n entre distintos sellos editoriales continentales.<\/p>\n<p>4. Comunicaci\u00f3n y prensa. Visibilizar la vida\u2013obra de Camilo por redes sociales y diversos materiales audiovisuales o podcast documentales o ficcionales de impacto.<\/p>\n<p>5. Actividades art\u00edstico\u2013culturales. Promover, difundir y socializar materiales gr\u00e1ficos, audiovisuales, musicales, est\u00e9ticos o art\u00edsticos relacionados con la vida\u2013obra de Camilo.<\/p>\n<p>6. Acciones de movilizacion social. Acompa\u00f1ar y fortalecer los espacios que rescaten la memoria de Camilo, posicionando su pensamiento y el rescate de una memoria viva, en intervenciones callejeras y acciones de movilizaci\u00f3n social.<\/p>\n<p>Caravana itinerante camilista, 2026<\/p>\n<p>En el marco de las acciones que engloban la Campa\u00f1a \u201cCamilo 60&amp;100pre Legado Vivo\u201d se propone para el a\u00f1o 2026 la Caravana itinerante camilista con el lema \u201cCamilo vuelve al camino\u201d.<\/p>\n<p>La Caravana ser\u00e1 dinamizada por \u201cnodos locales\u201d en cada pa\u00eds, formados por todos los actores colectivos que quieran tejer una apuesta que respete los acuerdos colectivos que se construyan y las singularidades institucionales y pol\u00edticas. Estos \u201cnodos\u201d se dar\u00e1n su propia estructura, din\u00e1mica y forma de trabajo; y podr\u00e1n adoptar, apropiar o proponer actividades concretas enmarcadas en las l\u00edneas fundamentales de la Caravana. As\u00ed, aunque funcionen con descentralizaci\u00f3n se articular\u00e1n en\u2013red, bajo una perspectiva glocal: pensar \u201cglobal\u201d (en coordinaci\u00f3n con el equipo dinamizador de la \u201cCampa\u00f1a\u201d) y actuar \u201clocal\u201d (en funci\u00f3n a su propio contexto).<\/p>\n<p>Los prop\u00f3sitos glocales de la Caravana que se enmarcan en las l\u00ednas fundamentales son:<\/p>\n<p>1. Lanzar en sus territorios una campa\u00f1a de b\u00fasqueda y recolecci\u00f3n de materiales de archivo relacionadas con Camilo (publicaciones, cartillas, revistas, ilustraciones, testimonios, etc.).<\/p>\n<p>2. Impulsar Seminarios (virtuales y presenciales) de introducci\u00f3n a la praxis de Camilo y \u201cJornadas continentales\u201d de diversos temas relacionados con Camilo (teolog\u00eda, sociolog\u00eda, educaci\u00f3n y pol\u00edtica), que pueden coordinarse por espacios regionales (Norteam\u00e9rica; Centroam\u00e9rica y el Caribe; regi\u00f3n Andina; y, Cono Sur) o por \u201cruedas locales\u201d. Tambi\u00e9n se propone introducir a Camilo en espacios formativos existentes sean redes de redes o escuelas de formaci\u00f3n pol\u00edtica.<\/p>\n<p>3. Coordinar la publicaci\u00f3n conjunta de un libro de los mensajes de Camilo con ilustraciones de artistas latinoamericanxs impulsado por el Colectivo Utopix y el Colectivo Frente Unido\u2013Investigaci\u00f3n Independiente; o imprimir materiales que est\u00e9n disponibles.<\/p>\n<p>4. Organizar la instalaci\u00f3n de la exposici\u00f3n de carteles relativos a Camilo impulsada por el Colectivo Utopix; coordinar ciclos de cine con los documentales disponibles; realizar acciones callejeras como murales y pegatinas; y convocar a artistas locales para componer o reversionar canciones a Camilo Torres.<\/p>\n<p>Convocan:<\/p>\n<p>Colectivo Frente Unido\u2013Investigaci\u00f3n Independiente \/ Centro Memorial Dr. Martin Luther King, Jr. \/ Movimiento Social y Pol\u00edtico \u201cCongreso de los Pueblos\u201d \/ Grupo Galfisa\u2013Instituto de filosof\u00eda de Cuba \/ Casa de Las Am\u00e9ricas \/ Territorios Latinoamericanos en ResistenciaTELAR \/ Corporaci\u00f3n CED\u2013INS \/ Comunidad visual colaborativa Utopix \/ Movimiento de Sacerdotes de la Iglesia de los Pobres de Colombia &#8211; MSIPC \/ Comit\u00e9 Cultural de Zapamanga COCUZA \/La Incendiaria: comunicAcci\u00f3n Alternativa y Popular . \/ INSURGE &#8211; COMUNICACI\u00d3N POPULAR \/Iglesia Antigua de las Am\u00e9ricas IADLA Colombia \/ Red de Espiritualidades Afirmativas \/ Red Soberanas \/ Oficina Estudiantil UN-Medell\u00edn \/ Colectivo Komuni \/ Campa\u00f1a EsAhora \/ Karika Colectiva \/ Editorial La Fogata \/ Revista Lanzas y Letras \/ Kavilando \/ Ciudadan\u00edas para la Paz<br \/>\nCUNAP \/ Escuela Nacional &#8220;Orlando Fals Borda&#8221;\/Escuela Marta Cecilia Yepes \/ Librer\u00eda Delfos \/ Ciudad en Movimiento \/ Confluencia Feminista Popular \/ Escuela Estanislao Zuleta \/ Club de lectura La Cigarra \/ Red de Defensores por la Dignidad y el Territorio (Rededter) \/ Fundaci\u00f3n Taller Sur \/ Coordinadora Rebeli\u00f3n Urbana \/ Guardia Urbana Popular \/ Cocinol Produce \/ Casa Cultural Potosi \/ Irreverencia Popular \/ Calle Verbena \/ Candelula \/ Universidad Pedag\u00f3gica Nacional \/<\/p>\n<h2><\/h2>\n","protected":false},"excerpt":{"rendered":"<p>CAMPA\u00d1A \u201cCAMILO 60&amp;100PRE LEGADO VIVO\u201d Hacia el centenario de Camilo Torres Restrepo (2026\u20132029) Jorge Camilo Torres Restrepo (1929\u20131966) fue un sacerdote cat\u00f3lico, soci\u00f3logo, educador y revolucionario colombiano, reconocido como el \u201ccura guerrillero\u201d, que es \u201cla mayor expresi\u00f3n del esp\u00edritu rebelde, subversivo y cr\u00edtico\u201d de su pa\u00eds, al decir de Camilo Castellanos. Actualmente hay una disputa [&hellip;]<\/p>\n","protected":false},"author":3,"featured_media":8572,"comment_status":"open","ping_status":"closed","sticky":false,"template":"","format":"standard","meta":{"footnotes":"","jetpack_publicize_message":"","jetpack_publicize_feature_enabled":true,"jetpack_social_post_already_shared":true,"jetpack_social_options":{"image_generator_settings":{"template":"highway","default_image_id":0,"font":"","enabled":false},"version":2}},"categories":[506,507,1],"tags":[935,458,41,43,936,937,462],"class_list":["post-9208","post","type-post","status-publish","format-standard","has-post-thumbnail","hentry","category-marxismo-vivo","category-praxis-nuestroamericana","category-uncategorized","tag-935","tag-camilo-torres","tag-cedins","tag-colombia","tag-frente-unido","tag-movimientos-de-liberacion","tag-teologia-de-la-liberacion"],"jetpack_publicize_connections":[],"jetpack_featured_media_url":"https:\/\/cedins.org\/wp-content\/uploads\/2025\/10\/camilo60-100pre.png","_links":{"self":[{"href":"https:\/\/cedins.org\/index.php\/wp-json\/wp\/v2\/posts\/9208","targetHints":{"allow":["GET"]}}],"collection":[{"href":"https:\/\/cedins.org\/index.php\/wp-json\/wp\/v2\/posts"}],"about":[{"href":"https:\/\/cedins.org\/index.php\/wp-json\/wp\/v2\/types\/post"}],"author":[{"embeddable":true,"href":"https:\/\/cedins.org\/index.php\/wp-json\/wp\/v2\/users\/3"}],"replies":[{"embeddable":true,"href":"https:\/\/cedins.org\/index.php\/wp-json\/wp\/v2\/comments?post=9208"}],"version-history":[{"count":12,"href":"https:\/\/cedins.org\/index.php\/wp-json\/wp\/v2\/posts\/9208\/revisions"}],"predecessor-version":[{"id":9221,"href":"https:\/\/cedins.org\/index.php\/wp-json\/wp\/v2\/posts\/9208\/revisions\/9221"}],"wp:featuredmedia":[{"embeddable":true,"href":"https:\/\/cedins.org\/index.php\/wp-json\/wp\/v2\/media\/8572"}],"wp:attachment":[{"href":"https:\/\/cedins.org\/index.php\/wp-json\/wp\/v2\/media?parent=9208"}],"wp:term":[{"taxonomy":"category","embeddable":true,"href":"https:\/\/cedins.org\/index.php\/wp-json\/wp\/v2\/categories?post=9208"},{"taxonomy":"post_tag","embeddable":true,"href":"https:\/\/cedins.org\/index.php\/wp-json\/wp\/v2\/tags?post=9208"}],"curies":[{"name":"wp","href":"https:\/\/api.w.org\/{rel}","templated":true}]}}