{"id":798,"date":"2017-05-16T18:49:00","date_gmt":"2017-05-16T18:49:00","guid":{"rendered":"https:\/\/cedins.org\/wordpress\/index.php\/2017\/05\/16\/por-que-marx-tenia-razon\/"},"modified":"2017-05-16T18:49:00","modified_gmt":"2017-05-16T18:49:00","slug":"por-que-marx-tenia-razon","status":"publish","type":"post","link":"https:\/\/cedins.org\/index.php\/2017\/05\/16\/por-que-marx-tenia-razon\/","title":{"rendered":"Por qu\u00e9 Marx ten\u00eda raz\u00f3n"},"content":{"rendered":"<p>&#8220;No soy de ese g\u00e9nero de izquierdistas que, por un lado, proclaman devotamente que todo es susceptible de cr\u00edtica y, al mismo tiempo, cuando se les pide que propongan aunque solo sean tres puntos importantes que se puedan reprochar a las tesis de Marx, reaccionan con malhumorado silencio. Yo mismo tengo mis propias dudas acerca de algunas de las ideas marxianas y creo que este libro lo pondr\u00e1 suficientemente de manifiesto.&#8221; Del prefacio del Libro. <\/p>\n<p>Terry Eagleton es un literato ingl\u00e9s y quiz\u00e1s sea una buena entrada a la lectura de Marx.<\/p>\n<p><a href=\"https:\/\/cedins.org\/dmdocuments\/terry-eagleton.pdf\">terry-eagleton.pdf<\/a><\/p>\n","protected":false},"excerpt":{"rendered":"<p>&#8220;No soy de ese g\u00e9nero de izquierdistas que, por un lado, proclaman devotamente que todo es susceptible de cr\u00edtica y, al mismo tiempo, cuando se les pide que propongan aunque solo sean tres puntos importantes que se puedan reprochar a las tesis de Marx, reaccionan con malhumorado silencio. Yo mismo tengo mis propias dudas acerca [&hellip;]<\/p>\n","protected":false},"author":3,"featured_media":0,"comment_status":"open","ping_status":"closed","sticky":false,"template":"","format":"standard","meta":{"footnotes":"","jetpack_publicize_message":"","jetpack_publicize_feature_enabled":true,"jetpack_social_post_already_shared":true,"jetpack_social_options":{"image_generator_settings":{"template":"highway","default_image_id":0,"font":"","enabled":false},"version":2}},"categories":[506],"tags":[],"class_list":["post-798","post","type-post","status-publish","format-standard","hentry","category-marxismo-vivo"],"jetpack_publicize_connections":[],"jetpack_featured_media_url":"","_links":{"self":[{"href":"https:\/\/cedins.org\/index.php\/wp-json\/wp\/v2\/posts\/798","targetHints":{"allow":["GET"]}}],"collection":[{"href":"https:\/\/cedins.org\/index.php\/wp-json\/wp\/v2\/posts"}],"about":[{"href":"https:\/\/cedins.org\/index.php\/wp-json\/wp\/v2\/types\/post"}],"author":[{"embeddable":true,"href":"https:\/\/cedins.org\/index.php\/wp-json\/wp\/v2\/users\/3"}],"replies":[{"embeddable":true,"href":"https:\/\/cedins.org\/index.php\/wp-json\/wp\/v2\/comments?post=798"}],"version-history":[{"count":0,"href":"https:\/\/cedins.org\/index.php\/wp-json\/wp\/v2\/posts\/798\/revisions"}],"wp:attachment":[{"href":"https:\/\/cedins.org\/index.php\/wp-json\/wp\/v2\/media?parent=798"}],"wp:term":[{"taxonomy":"category","embeddable":true,"href":"https:\/\/cedins.org\/index.php\/wp-json\/wp\/v2\/categories?post=798"},{"taxonomy":"post_tag","embeddable":true,"href":"https:\/\/cedins.org\/index.php\/wp-json\/wp\/v2\/tags?post=798"}],"curies":[{"name":"wp","href":"https:\/\/api.w.org\/{rel}","templated":true}]}}