{"id":795,"date":"2016-12-09T17:58:48","date_gmt":"2016-12-09T17:58:48","guid":{"rendered":"https:\/\/cedins.org\/wordpress\/index.php\/2016\/12\/09\/informe-de-la-cumbre-agraria-sobre-la-situacion-de-ddhh-2016-2\/"},"modified":"2018-08-31T15:09:24","modified_gmt":"2018-08-31T15:09:24","slug":"informe-de-la-cumbre-agraria-sobre-la-situacion-de-ddhh-2016-2","status":"publish","type":"post","link":"https:\/\/cedins.org\/index.php\/2016\/12\/09\/informe-de-la-cumbre-agraria-sobre-la-situacion-de-ddhh-2016-2\/","title":{"rendered":"Informe de la Cumbre Agraria sobre la situaci\u00f3n de DDHH (2016)"},"content":{"rendered":"<p style=\"text-align: justify;\"><img fetchpriority=\"high\" decoding=\"async\" class=\"alignleft size-medium wp-image-615\" src=\"https:\/\/cedins.org\/wp-content\/uploads\/2016\/12\/ddhh2016-300x201.jpg\" alt=\"\" width=\"300\" height=\"201\" srcset=\"https:\/\/cedins.org\/wp-content\/uploads\/2016\/12\/ddhh2016-300x201.jpg 300w, https:\/\/cedins.org\/wp-content\/uploads\/2016\/12\/ddhh2016.jpg 400w\" sizes=\"(max-width: 300px) 100vw, 300px\" \/>Desde la Sub Comisi\u00f3n de Garant\u00edas y Derechos Humanos de la Cumbre Agraria Campesina, \u00c9tnica y Popular hemos evidenciado que como producto de los procesos de Paz entre el gobierno nacional y las insurgencias armadas del ELN y las FARC-EP se ha presentado en nuestro pa\u00eds un descenso de las afectaciones a civiles, combatientes y bienes derivadas del conflicto armado interno. Sin embargo, ha ido en incremento los \u00edndices de violencia sociopol\u00edtica en contra de defensores de Derechos Humanos, l\u00edderes y dirigentes sociales y populares.<\/p>\n<p><a href=\"https:\/\/cedins.org\/dmdocuments\/Informe Situacion de DDHH en Colombia a\u00f1o 2016 - CACEP.pdf\">Informe Situacion de DDHH en Colombia a\u00f1o 2016 &#8211; CACEP.pdf<\/a><\/p>\n","protected":false},"excerpt":{"rendered":"<p>Desde la Sub Comisi\u00f3n de Garant\u00edas y Derechos Humanos de la Cumbre Agraria Campesina, \u00c9tnica y Popular hemos evidenciado que como producto de los procesos de Paz entre el gobierno nacional y las insurgencias armadas del ELN y las FARC-EP se ha presentado en nuestro pa\u00eds un descenso de las afectaciones a civiles, combatientes y [&hellip;]<\/p>\n","protected":false},"author":3,"featured_media":615,"comment_status":"open","ping_status":"closed","sticky":false,"template":"","format":"standard","meta":{"footnotes":"","jetpack_publicize_message":"","jetpack_publicize_feature_enabled":true,"jetpack_social_post_already_shared":true,"jetpack_social_options":{"image_generator_settings":{"template":"highway","default_image_id":0,"font":"","enabled":false},"version":2}},"categories":[518,14],"tags":[43,351,88],"class_list":["post-795","post","type-post","status-publish","format-standard","has-post-thumbnail","hentry","category-movimientos-sociales","category-tierras-y-territorios","tag-colombia","tag-cumbre-agraria","tag-derechos-humanos"],"jetpack_publicize_connections":[],"jetpack_featured_media_url":"https:\/\/cedins.org\/wp-content\/uploads\/2016\/12\/ddhh2016.jpg","_links":{"self":[{"href":"https:\/\/cedins.org\/index.php\/wp-json\/wp\/v2\/posts\/795","targetHints":{"allow":["GET"]}}],"collection":[{"href":"https:\/\/cedins.org\/index.php\/wp-json\/wp\/v2\/posts"}],"about":[{"href":"https:\/\/cedins.org\/index.php\/wp-json\/wp\/v2\/types\/post"}],"author":[{"embeddable":true,"href":"https:\/\/cedins.org\/index.php\/wp-json\/wp\/v2\/users\/3"}],"replies":[{"embeddable":true,"href":"https:\/\/cedins.org\/index.php\/wp-json\/wp\/v2\/comments?post=795"}],"version-history":[{"count":2,"href":"https:\/\/cedins.org\/index.php\/wp-json\/wp\/v2\/posts\/795\/revisions"}],"predecessor-version":[{"id":1062,"href":"https:\/\/cedins.org\/index.php\/wp-json\/wp\/v2\/posts\/795\/revisions\/1062"}],"wp:featuredmedia":[{"embeddable":true,"href":"https:\/\/cedins.org\/index.php\/wp-json\/wp\/v2\/media\/615"}],"wp:attachment":[{"href":"https:\/\/cedins.org\/index.php\/wp-json\/wp\/v2\/media?parent=795"}],"wp:term":[{"taxonomy":"category","embeddable":true,"href":"https:\/\/cedins.org\/index.php\/wp-json\/wp\/v2\/categories?post=795"},{"taxonomy":"post_tag","embeddable":true,"href":"https:\/\/cedins.org\/index.php\/wp-json\/wp\/v2\/tags?post=795"}],"curies":[{"name":"wp","href":"https:\/\/api.w.org\/{rel}","templated":true}]}}