{"id":749,"date":"2013-09-30T17:59:33","date_gmt":"2013-09-30T17:59:33","guid":{"rendered":"https:\/\/cedins.org\/wordpress\/index.php\/2013\/09\/30\/la-maldicion-de-la-violencia-2\/"},"modified":"2013-09-30T17:59:33","modified_gmt":"2013-09-30T17:59:33","slug":"la-maldicion-de-la-violencia-2","status":"publish","type":"post","link":"https:\/\/cedins.org\/index.php\/2013\/09\/30\/la-maldicion-de-la-violencia-2\/","title":{"rendered":"La maldici\u00f3n de la violencia"},"content":{"rendered":"<p style=\"text-align: justify;\">Resulta dif\u00edcil entender c\u00f3mo un gobierno popular, que se precia de revolucionario y que asume la defensa de los intereses populares, puede reprimir violentamente a sectores populares que reclaman sus derechos. Eso acaba de suceder en Bolivia. El gobierno del presidente Evo Morales, haciendo caso omiso a los reiterados pedidos para que abra el di\u00e1logo con los pobladores del Territorio y Parque Nacional Isibore S\u00e9cure (TIPNITS), opt\u00f3 por la represi\u00f3n.<\/p>\n<p><a href=\"https:\/\/cedins.org\/dmdocuments\/la_maldicin_de_la_violencia_.pdf\">la_maldicin_de_la_violencia_.pdf<\/a><\/p>\n","protected":false},"excerpt":{"rendered":"<p>Resulta dif\u00edcil entender c\u00f3mo un gobierno popular, que se precia de revolucionario y que asume la defensa de los intereses populares, puede reprimir violentamente a sectores populares que reclaman sus derechos. Eso acaba de suceder en Bolivia. El gobierno del presidente Evo Morales, haciendo caso omiso a los reiterados pedidos para que abra el di\u00e1logo [&hellip;]<\/p>\n","protected":false},"author":3,"featured_media":0,"comment_status":"open","ping_status":"closed","sticky":false,"template":"","format":"standard","meta":{"footnotes":"","jetpack_publicize_message":"","jetpack_publicize_feature_enabled":true,"jetpack_social_post_already_shared":true,"jetpack_social_options":{"image_generator_settings":{"template":"highway","default_image_id":0,"font":"","enabled":false},"version":2}},"categories":[13],"tags":[],"class_list":["post-749","post","type-post","status-publish","format-standard","hentry","category-minero-energetico"],"jetpack_publicize_connections":[],"jetpack_featured_media_url":"","_links":{"self":[{"href":"https:\/\/cedins.org\/index.php\/wp-json\/wp\/v2\/posts\/749","targetHints":{"allow":["GET"]}}],"collection":[{"href":"https:\/\/cedins.org\/index.php\/wp-json\/wp\/v2\/posts"}],"about":[{"href":"https:\/\/cedins.org\/index.php\/wp-json\/wp\/v2\/types\/post"}],"author":[{"embeddable":true,"href":"https:\/\/cedins.org\/index.php\/wp-json\/wp\/v2\/users\/3"}],"replies":[{"embeddable":true,"href":"https:\/\/cedins.org\/index.php\/wp-json\/wp\/v2\/comments?post=749"}],"version-history":[{"count":0,"href":"https:\/\/cedins.org\/index.php\/wp-json\/wp\/v2\/posts\/749\/revisions"}],"wp:attachment":[{"href":"https:\/\/cedins.org\/index.php\/wp-json\/wp\/v2\/media?parent=749"}],"wp:term":[{"taxonomy":"category","embeddable":true,"href":"https:\/\/cedins.org\/index.php\/wp-json\/wp\/v2\/categories?post=749"},{"taxonomy":"post_tag","embeddable":true,"href":"https:\/\/cedins.org\/index.php\/wp-json\/wp\/v2\/tags?post=749"}],"curies":[{"name":"wp","href":"https:\/\/api.w.org\/{rel}","templated":true}]}}