{"id":7359,"date":"2023-02-10T21:55:33","date_gmt":"2023-02-10T21:55:33","guid":{"rendered":"https:\/\/cedins.org\/?p=7359"},"modified":"2023-02-10T21:55:36","modified_gmt":"2023-02-10T21:55:36","slug":"mensaje-del-instituto-nacional-sindical-a-la-union-sindical-obrera-uso-en-su-centenario","status":"publish","type":"post","link":"https:\/\/cedins.org\/index.php\/2023\/02\/10\/mensaje-del-instituto-nacional-sindical-a-la-union-sindical-obrera-uso-en-su-centenario\/","title":{"rendered":"Mensaje del Instituto Nacional Sindical a la Uni\u00f3n Sindical Obrera USO, en su centenario"},"content":{"rendered":"\n<figure class=\"wp-block-image size-full\"><img fetchpriority=\"high\" decoding=\"async\" width=\"800\" height=\"600\" src=\"https:\/\/cedins.org\/wp-content\/uploads\/2023\/02\/uso100.png\" alt=\"\" class=\"wp-image-7362\" srcset=\"https:\/\/cedins.org\/wp-content\/uploads\/2023\/02\/uso100.png 800w, https:\/\/cedins.org\/wp-content\/uploads\/2023\/02\/uso100-300x225.png 300w, https:\/\/cedins.org\/wp-content\/uploads\/2023\/02\/uso100-768x576.png 768w\" sizes=\"(max-width: 800px) 100vw, 800px\" \/><figcaption>Foto de Pedro Chaparro. Acto de memoria en la Quebrada La Putana<\/figcaption><\/figure>\n\n\n\n<p>El colectivo de trabajo del Instituto Nacional Sindical \u2013 Cedins saluda a las trabajadoras y trabajadores de la industria petrolera y minero energ\u00e9tica, al cumplirse 100 a\u00f1os de fundaci\u00f3n de la Uni\u00f3n Sindical Obrera USO. <br><br>Son 100 a\u00f1os de luchas y transformaciones, de victorias y derrotas, como sucede en toda lucha social y pol\u00edtica, que dejan un aprendizaje valioso para la clase que vive del trabajo y los movimientos emancipatorios y revolucionarios. <br><br>Grande es el reto de la actual dirigencia de la USO, no solo por seguir la ruta de los fundadores y fundadoras sino especialmente por seguir la lucha contra la explotaci\u00f3n y opresi\u00f3n del capital en un nuevo contexto. Mantener los objetivos del sindicalismo revolucionario de Mar\u00eda Cano y Mahecha y continuados m\u00e1s tarde por Chac\u00f3n, Aury, Hamet y Nicodemus, entre mucho\/as otro\/as, es un imperativo pol\u00edtico y \u00e9tico.<br><br>Hoy, a las luchas por la soberan\u00eda, la funci\u00f3n p\u00fablica del recurso petrolero y derechos laborales, se suman las de una transici\u00f3n energ\u00e9tica justa y popular, otra por el desmonte del paramilitarismo, una m\u00e1s por la dignificaci\u00f3n del trabajo, eliminando las condiciones de precarizaci\u00f3n, entre otras, estas luchas son necesarias metas intermedias en el camino por la eliminaci\u00f3n de la sociedad salarial y la alienaci\u00f3n que sigue produciendo el capitalismo hoy m\u00e1s transnacionalizado y violento.<br><br>La lucha por una transici\u00f3n energ\u00e9tica justa y popular se articula a las luchas de los pueblos del mundo por tomar un rumbo distinto al del colapso planetario a la que nos lleva el modelo de industrializaci\u00f3n capitalista vigente. La lucha por la transici\u00f3n energ\u00e9tica justa y popular es por ello profundamente radical y anticapitalista y la USO tiene la posibilidad de encabezarla.<br><br>Finalmente, reconocemos en la USO un patrimonio del movimiento obrero y popular, y el haber logrado enfrentar el genocidio, el destierro y la criminalizaci\u00f3n por parte del r\u00e9gimen olig\u00e1rquico y mafioso colombiano le permite ocupar un lugar de vanguardia junto a otros sectores populares en el camino de un pa\u00eds para la vida digna y la plena democracia.<br><br>Un abrazo y mucha fuerza en las luchas por venir, <br><br>Con nuestro aprecio y respeto,<br><br><strong>Instituto Nacional Sindical &#8211; Cedins  <\/strong> <br>Febrero 10 de 2023<br><\/p>\n","protected":false},"excerpt":{"rendered":"<p>El colectivo de trabajo del Instituto Nacional Sindical \u2013 Cedins saluda a las trabajadoras y trabajadores de la industria petrolera y minero energ\u00e9tica, al cumplirse 100 a\u00f1os de fundaci\u00f3n de la Uni\u00f3n Sindical Obrera USO. Son 100 a\u00f1os de luchas y transformaciones, de victorias y derrotas, como sucede en toda lucha social y pol\u00edtica, que [&hellip;]<\/p>\n","protected":false},"author":2,"featured_media":7362,"comment_status":"open","ping_status":"closed","sticky":false,"template":"","format":"standard","meta":{"footnotes":"","jetpack_publicize_message":"","jetpack_publicize_feature_enabled":true,"jetpack_social_post_already_shared":true,"jetpack_social_options":{"image_generator_settings":{"template":"highway","default_image_id":0,"font":"","enabled":false},"version":2}},"categories":[518,4],"tags":[854,41,43,855,108],"class_list":["post-7359","post","type-post","status-publish","format-standard","has-post-thumbnail","hentry","category-movimientos-sociales","category-sindical","tag-100-anos","tag-cedins","tag-colombia","tag-lucha-obrera","tag-union-sindical-obrera"],"jetpack_publicize_connections":[],"jetpack_featured_media_url":"https:\/\/cedins.org\/wp-content\/uploads\/2023\/02\/uso100.png","_links":{"self":[{"href":"https:\/\/cedins.org\/index.php\/wp-json\/wp\/v2\/posts\/7359","targetHints":{"allow":["GET"]}}],"collection":[{"href":"https:\/\/cedins.org\/index.php\/wp-json\/wp\/v2\/posts"}],"about":[{"href":"https:\/\/cedins.org\/index.php\/wp-json\/wp\/v2\/types\/post"}],"author":[{"embeddable":true,"href":"https:\/\/cedins.org\/index.php\/wp-json\/wp\/v2\/users\/2"}],"replies":[{"embeddable":true,"href":"https:\/\/cedins.org\/index.php\/wp-json\/wp\/v2\/comments?post=7359"}],"version-history":[{"count":2,"href":"https:\/\/cedins.org\/index.php\/wp-json\/wp\/v2\/posts\/7359\/revisions"}],"predecessor-version":[{"id":7363,"href":"https:\/\/cedins.org\/index.php\/wp-json\/wp\/v2\/posts\/7359\/revisions\/7363"}],"wp:featuredmedia":[{"embeddable":true,"href":"https:\/\/cedins.org\/index.php\/wp-json\/wp\/v2\/media\/7362"}],"wp:attachment":[{"href":"https:\/\/cedins.org\/index.php\/wp-json\/wp\/v2\/media?parent=7359"}],"wp:term":[{"taxonomy":"category","embeddable":true,"href":"https:\/\/cedins.org\/index.php\/wp-json\/wp\/v2\/categories?post=7359"},{"taxonomy":"post_tag","embeddable":true,"href":"https:\/\/cedins.org\/index.php\/wp-json\/wp\/v2\/tags?post=7359"}],"curies":[{"name":"wp","href":"https:\/\/api.w.org\/{rel}","templated":true}]}}