{"id":7266,"date":"2022-09-25T16:39:12","date_gmt":"2022-09-25T16:39:12","guid":{"rendered":"https:\/\/cedins.org\/?p=7266"},"modified":"2022-09-25T22:43:29","modified_gmt":"2022-09-25T22:43:29","slug":"comunidades-construyen-un-atlas-de-conflictos-socio-territoriales-y-ambientales","status":"publish","type":"post","link":"https:\/\/cedins.org\/index.php\/2022\/09\/25\/comunidades-construyen-un-atlas-de-conflictos-socio-territoriales-y-ambientales\/","title":{"rendered":"Comunidades construyen un Atlas de conflictos socio territoriales y ambientales"},"content":{"rendered":"\n<figure class=\"wp-block-image alignleft size-full is-resized\"><img fetchpriority=\"high\" decoding=\"async\" src=\"https:\/\/cedins.org\/wp-content\/uploads\/2022\/09\/cartel_taller_MM.png\" alt=\"\" class=\"wp-image-7276\" width=\"396\" height=\"567\" srcset=\"https:\/\/cedins.org\/wp-content\/uploads\/2022\/09\/cartel_taller_MM.png 389w, https:\/\/cedins.org\/wp-content\/uploads\/2022\/09\/cartel_taller_MM-210x300.png 210w\" sizes=\"(max-width: 396px) 100vw, 396px\" \/><\/figure>\n\n\n\n<p>Cedins, con el apoyo del sindicato United Steel Workers Canad\u00e1, en articulaci\u00f3n y hermanamiento pol\u00edtico con las organizaciones campesinas de la regi\u00f3n Dos R\u00edos del Coordinador Nacional Agrario CNA, organizaciones ambientales, colectivos sindicales y de Derechos Humanos, viene desarrollando un proceso de investigaci\u00f3n y formaci\u00f3n que permitir\u00e1 construir un Atlas de conflictos socio territoriales y ambientales del Magdalena Medio, Sur de Bol\u00edvar, Santander y Cesar. <br><br>El objetivo es generar una herramienta de acceso libre y abierto para el an\u00e1lisis de la realidad del territorio, formaci\u00f3n, alerta en DDHH y lucha por la permanencia de las comunidades, en 24 municipios de la regi\u00f3n. <br><br>Desarrollando y adaptando la experiencia de investigaci\u00f3n participativa que permiti\u00f3 la construcci\u00f3n del <a href=\"http:\/\/lunazul.ucaldas.edu.co\/index.php\/english-version\/351-atlas-de-conflictos-ambientales-del-tolima\">Atlas de conflictos ambientales del Tolima<\/a>, el proceso busca identificar y caracterizar los conflictos que generan las industrias minero energ\u00e9ticas, ganaderas, de infraestructura y agronegocio que se han asentado en la regi\u00f3n, identificando y georreferenciando los impactos sociales, ambientales y en los derechos humanos de los y las habitantes y sus organizaciones. Los impactos en los territorios y la vida de las comunidades como el reconocimiento de las luchas se desarrolla a partir de un enfoque antipatriarcal, que permite reconocer los efectos del modelo regional y las propuestas y alternativas sociales de manera diferenciada seg\u00fan las identidades de g\u00e9nero. <br><br><strong>Acercamiento a la realidad: una regi\u00f3n en permanente disputa<\/strong><br><br>A trav\u00e9s de talleres y reuniones, desde el saber comunitario y el di\u00e1logo de saberes, hemos logrado una visi\u00f3n general y actualizada de la problem\u00e1tica regional. <br><br>El Magdalena Medio es un amplio territorio de encuentro entre el occidente y oriente del pa\u00eds creando a la vez un corredor hacia Venezuela y del centro hacia el Caribe. Esas condiciones geogr\u00e1ficas, m\u00e1s sus riquezas minerales en hidrocarburos, biodiversidad y los diferentes ecosistemas que la conforman, la han convertido en una regi\u00f3n en disputa, orquest\u00e1ndose desde entes estatales e intereses privados, un plan de violencia pol\u00edtica sistem\u00e1tico contra las organizaciones sociales y la violaci\u00f3n constante a los Derechos Humanos de las comunidades, sus liderazgos y organizaciones.<br><br>Como antecedente importante en la memoria de las luchas por la permanencia en esta regi\u00f3n, los y las pobladoras recuerdan el \u00c9xodo Campesino, iniciado el 23 de junio de 1998, que llev\u00f3 a m\u00e1s de 12.000 personas a San Pablo, Barrancabermeja y Bogot\u00e1. En ese entonces, campesinas y campesinos, agromineros y pescadores le manifestaban a la sociedad colombiana y al mundo:<br><br>\u201c<em>Barrancabermeja, julio 30 de 1998. <br><br>Hermanos y hermanas del Magdalena Medio y de Colombia Delegados internacionales compa\u00f1eros: Deseamos que este momento, breve e inc\u00f3modo que pasamos juntos, nos sirva para unirnos m\u00e1s en el futuro com\u00fan que tenemos como Magdalena Medio y como Pueblo Colombiano. Queremos contarles que estos han sido d\u00edas muy dif\u00edciles: el sol, la lluvia, las enfermedades y el hambre nos han acompa\u00f1ado a diario. Por eso mismo es muy grato encontrar el apoyo y la solidaridad de este pueblo luchador, sufrido y golpeado desde hace m\u00e1s de 500 a\u00f1os\u2026<br><br>\u2026hemos decidido proteger nuestras vidas a trav\u00e9s de esta acci\u00f3n de valor y dignidad. M\u00e1s de doce mil campesinos nos hemos concentrados en San Pablo, Barrancabermeja y Santaf\u00e9 de Bogot\u00e1, para exigirle al Estado; que cumpla con su obligaci\u00f3n: la de garantizar la vida a todos los colombianos. Seguimos sin respuestas concretas\u2026<br><br>Hemos convocado a una Mesa de Trabajo conformado por funcionarios del orden Municipal, Departamental y Nacional, con poder de decisi\u00f3n, ONG nacionales e internacionales, veedur\u00edas internacionales, voceros campesinos, Iglesia y otros sectores de la poblaci\u00f3n civil; donde se discutan entre ellos, los siguientes temas: <br><br>1. Fen\u00f3meno del paramilitarismo y sus consecuencias en el Magdalena Medio. <br>2. Herramientas a aplicar por parte del Estado, que conlleven a contrarrestar la avanzada paramilitar en el Magdalena Medio. <br>3. Aplicaci\u00f3n y cumplimiento de la ley 387 de 1997(Ley de Desplazados) y los protocolos de Atenci\u00f3n para los desplazados (febrero de 1998). <br>4. Indemnizaci\u00f3n Integral a v\u00edctimas de la violencia. <br>5. Garant\u00edas exigidas al Gobierno, que permitan el retorno de las personas desplazadas a sus lugares de procedencia.\u201d<\/em> (Estrada, 2018)<br><br>Esta era la respuesta de las comunidades a la estrategia de dominaci\u00f3n y despojo violento que por distintas v\u00edas se ven\u00eda implementando en la regi\u00f3n, que buscaba el ingreso y en algunos casos de ampliaci\u00f3n, de las inversiones y operaciones de empresas mineras, agroindustriales, ganaderas y de obras civiles. Este \u00c9xodo fue un momento importante de las luchas de resistencia y propuesta de estas comunidades; la lucha sigui\u00f3 hasta nuestros d\u00edas. <br><br>Las grandes extensiones de tierra, especialmente las ubicadas en el Valle del r\u00edo Magdalena han sido aprovechadas para la implementaci\u00f3n de proyectos de ganader\u00eda vacuna y bufalina. Esta \u00faltima genera un mayor impacto ambiental compactando y desecando el suelo, destruyendo algunas de las condiciones que deber\u00edan garantizar la permanencia y vida de las comunidades. <br><br>De forma simult\u00e1nea, y complementaria, se han instalado monocultivos de palma aceitera (<em>Elaeis guineensis<\/em>). El modelo extensivo de la palma, articulado a una estrategia de control territorial, combina \u201calianzas\u201d leoninas entre inversionistas y peque\u00f1os productores, producci\u00f3n a trav\u00e9s de cooperativas de trabajo y modernas empresas agroindustriales con trabajo asalariado. (\u00d3 Loinsigh, 2002)   <br><br>La masificaci\u00f3n del modelo palmero ha profundizado los conflictos socioecol\u00f3gicos pues terratenientes y despojadores se han apropiado de playones y ci\u00e9nagas para usar dichas \u00e1reas como zonas de siembra, dejando as\u00ed a las comunidades sin lugares para el pancoger, ni de pesca comunitaria, debilitando los ecosistemas con los que cohabitan y de los que depende su vida. Estas pr\u00e1cticas se popularizaron en medio del auge paramilitar. <br><br>Este paramilitarismo fue modelo y piloto para el ejercicio del control territorial. Seg\u00fan (\u00d3 Loinsigh, 2002) \u201c<em>tal modelo pudo emerger gracias al concurso de los ganaderos, las empresas multinacionales y algunos sectores del liberalismo de Puerto Boyac\u00e1. (Pero no) hubiera sido posible sin el entrenamiento brindado por la XIV Brigada del Ej\u00e9rcito colombiano que, adem\u00e1s, tom\u00f3 el control de la parte baja del Magdalena Medio durante la d\u00e9cada de los a\u00f1os ochenta.<\/em>\u201d<br><br>El paramilitarismo, bajo la tutela de la doctrina militar y con excusa de enfrentar a las guerrillas, evidenci\u00f3 su car\u00e1cter de plan socioecon\u00f3mico y pol\u00edtico, extendi\u00e9ndose por el pa\u00eds. Entr\u00f3 a Barrancabermeja en 1999 y ejerci\u00f3 control territorial, entre otras cosas, a trav\u00e9s del asesinato de liderazgos sociales y sindicales y garantizando rutas para el narcotr\u00e1fico (Mahecha Ramirez, 2019)<br><br>Esta situaci\u00f3n es vigente y tiene al Magdalena Medio santandereano y al departamento del Cesar como territorios donde m\u00e1s violencia se ejerce contra campesinos y campesinas y defensores de la naturaleza. Entre enero y mayo de este a\u00f1o se hab\u00edan registrado 42 hechos de violencia contra defensores de la naturaleza, 23 de ellos en el departamento de Santander. (Verdad Abierta, 2022)<br><br>Los conflictos generados por las industrias extractivas minero energ\u00e9ticas siguen creciendo. A la lucha de las trabajadoras y trabajadores petroleros agrupados en la Uni\u00f3n Sindical Obrera USO, Estado y empresas, a trav\u00e9s de estructuras paramilitares, han respondido con violencia: judicializando, asesinando y exiliando dirigentes. La misma formula aplican empresas carboneras en el centro y norte del Cesar, cuyo ejemplo mas reconocido es el caso de la Drummond. (Moor &amp; van de Sandt, 2014)    <br><br><strong>La disputa por el patrimonio ambiental y la diversidad ecosist\u00e9mica<\/strong><br><br>Los anteriores p\u00e1rrafos dan pie para se\u00f1alar la importancia ecosist\u00e9mica que tiene la regi\u00f3n, especialmente en medio de la crisis ecol\u00f3gica y la emergencia clim\u00e1tica por la que pasa el planeta y de la que no escapa el pa\u00eds. <br><br>El Magdalena Medio y sus corredores ecosist\u00e9micos hacia el Sur de Bol\u00edvar, la costa caribe y la cordillera oriental, se encuentran en el Zonobioma h\u00famedo tropical del Magdalena y Caribe, con caracter\u00edsticas de alt\u00edsima diversidad de especies que responde a la gran variedad de condiciones abi\u00f3ticas.<\/p>\n\n\n\n<figure class=\"wp-block-image aligncenter size-full is-resized\"><img decoding=\"async\" src=\"https:\/\/cedins.org\/wp-content\/uploads\/2022\/09\/imagen.png\" alt=\"\" class=\"wp-image-7274\" width=\"645\" height=\"522\" srcset=\"https:\/\/cedins.org\/wp-content\/uploads\/2022\/09\/imagen.png 602w, https:\/\/cedins.org\/wp-content\/uploads\/2022\/09\/imagen-300x243.png 300w\" sizes=\"(max-width: 645px) 100vw, 645px\" \/><figcaption>Fuente: secci\u00f3n del mapa de grandes biomas y biomas continentales de Colombia. IGAC, 2022<\/figcaption><\/figure>\n\n\n\n<p>La diversidad biol\u00f3gica y geomorfol\u00f3gica hacen del Magdalena Medio y sus corredores ambientales un territorio deseado por el capital para el desarrollo de varios megaproyectos. Durante el gobierno de Juan Manuel Santos se traz\u00f3 la ruta para la implementaci\u00f3n del megaproyecto Diamante Caribe y Santanderes, y durante el gobierno de Iv\u00e1n Duque, a trav\u00e9s de las corporaciones regionales y con apoyo t\u00e9cnico del Instituto Geogr\u00e1fico Agust\u00edn Codazzi IGAC, se adelantaron actualizaciones de los estudios de suelos. En el estudio correspondiente al departamento del Cesar, por ejemplo, se valida y profundiza el desarrollo de megaproyectos extractivos, pero \u201cahora s\u00ed\u201d con soporte t\u00e9cnico y cient\u00edfico: \u201c<em>Bienvenida la ganader\u00eda. Los desarrollos pecuarios son bienvenidos en 303 mil hect\u00e1reas, que representan 13 por ciento del Cesar. Estos suelos est\u00e1n distribuidos en relieves planos y moderadamente quebrados de clima c\u00e1lido, y entre sus caracter\u00edsticas est\u00e1n una baja fertilidad y poca profundizaci\u00f3n para las ra\u00edces. Para la futura ganader\u00eda del departamento, el IGAC clasific\u00f3 a la actividad pecuaria en dos sistemas: extensivo (54 mil hect\u00e1reas) y semintensivo (249 mil hect\u00e1reas).<\/em>\u201d (IGAC, s.f.)  <br><br>El agua es otro factor en disputa. En la regi\u00f3n se localizan llanuras de inundaci\u00f3n, all\u00ed se ubican humedales y ci\u00e9nagas permanentes o temporales; \u201cel 71% de los humedales de importancia en el pa\u00eds pertenecen a la regi\u00f3n Caribe, destac\u00e1ndose en orden descendente los Complejos de la depresi\u00f3n Momposina, del Magdalena Medio y del R\u00edo Atrato\u201d (Corantioquia; Universidad Nacional de Colombia, 2001)<br>  <br>Estos ecosistemas est\u00e1n asociados a diferentes especies de flora y fauna; se convierten en espacios de refugio y de alimentaci\u00f3n. De esa manera se pueden encontrar aves como pel\u00edcanos, garzas, patos, gaviotas o agujetas, y varias especies migratorias, por lo que cambios significativos en los humedales pueden ponerlas en riesgo. En cuanto a los mam\u00edferos, el m\u00e1s representativo es el chig\u00fciro, tambi\u00e9n se presentan nutrias y manat\u00edes. Dentro de los reptiles y anfibios resaltan la iguana, caimanes, babillas, tortugas y una gran cantidad de especies de ranas. En relaci\u00f3n a los peces, que adem\u00e1s de ser importantes dentro de la cadena tr\u00f3fica del humedal, es fundamental para la alimentaci\u00f3n de las comunidades circundantes, sobresalen el bocachico, la cachama, el pargo y el nicuro. (Castellanos, 2001)<br><br>En relaci\u00f3n a la vegetaci\u00f3n las asociaciones de especies que m\u00e1s sobresalen son los manglares, gramalotes, zurales y morichales.<br><br>La apropiaci\u00f3n de sabanas comunales, ci\u00e9negas y humedales para desecarlos y montar proyectos de ganader\u00eda o agronegocios, son un crimen ambiental, soportado con otros cr\u00edmenes como el asesinato de l\u00edderes y el desplazamiento de comunidades enteras.<br><br><strong>\u00bfY el Estado? <\/strong><br><br>El Estado colombiano se ha encargado de bloquear y perseguir las alternativas territoriales que las comunidades buscan construir. Ello ocurre no s\u00f3lo con el fin de bloquear ejercicios locales de poder y autodeterminaci\u00f3n, sino para garantizar su modelo de dominaci\u00f3n y explotaci\u00f3n extractivista. <br><br>A partir de ello, desde hace varios a\u00f1os se tiene proyectado para la regi\u00f3n, en perspectiva geoestrat\u00e9gica, lo siguiente:<br><br><strong>Transporte, miner\u00eda, agronegocio<\/strong><br><br>La posici\u00f3n geogr\u00e1fica de la regi\u00f3n la ubica como un factor clave dentro del comercio internacional por los puertos, autopistas, ferrocarriles y aeropuertos que se han construido durante los \u00faltimos a\u00f1os con la \u00fanica finalidad de reducir costos de transporte asociados a los commodities (ver imagen 2).<\/p>\n\n\n\n<figure class=\"wp-block-image aligncenter size-full is-resized\"><img decoding=\"async\" src=\"https:\/\/cedins.org\/wp-content\/uploads\/2022\/09\/imagen-1.png\" alt=\"\" class=\"wp-image-7275\" width=\"510\" height=\"418\" srcset=\"https:\/\/cedins.org\/wp-content\/uploads\/2022\/09\/imagen-1.png 439w, https:\/\/cedins.org\/wp-content\/uploads\/2022\/09\/imagen-1-300x246.png 300w\" sizes=\"(max-width: 510px) 100vw, 510px\" \/><figcaption>Fuente: Findeter, 2016.<\/figcaption><\/figure>\n\n\n\n<p>La propuesta para la regi\u00f3n busca que cada uno de los proyectos act\u00fae de manera articulada, por eso plantea la necesidad de \u201cque las nuevas infraestructuras no se planteen exclusivamente como actuaciones sectoriales aisladas unas de otras y concebidas desde la perspectiva \u00fanica de cada actuaci\u00f3n\u201d (Findeter, 2016) A partir de ello surgen los espacios multimodales en donde confluyan puertos, aeropuertos v\u00edas f\u00e9rreas y carreteras. De esa manera se explica la construcci\u00f3n de la Ruta del Sol, el proyecto de navegabilidad del r\u00edo Magdalena y la consecuente edificaci\u00f3n de puertos a lo largo de \u00e9l.<br><br>Lo anterior se ve de manera mucho m\u00e1s clara en la propuesta de Magdalena Plus en la que se pretende unir:  Bogot\u00e1 &#8211; Cundinamarca y el Eje Cafetero, Santander y Boyac\u00e1 a trav\u00e9s de Puerto Berr\u00edo; Barrancabermeja y Antioquia como el eje minero-energ\u00e9tico; y Aguachica para finalmente llegar al puerto de Magangu\u00e9. <br><br>\u201c<em>La estrategia Magdalena PLUS se plantea como una iniciativa para el desarrollo socioecon\u00f3mico y el impulso a las actividades productivas en este territorio estrat\u00e9gico para Colombia. Aporta una referencia clara para la integraci\u00f3n del sistema de puertos fluviales en una red de conexiones de carreteras y ferrocarriles que enlacen el r\u00edo con los espacios interiores. Se logra as\u00ed disponer de nodos portuarios con la dotaci\u00f3n de servicios, accesos y log\u00edstica que permita operar eficientemente sistemas multimodales y genere hinterlands lo suficientemente amplios como para asegurar la rentabilidad de los puertos y las restantes infraestructuras. Se trata de un elemento estrat\u00e9gico para aprovechar las nuevas posibilidades que se abren con la mejora de las condiciones de navegabilidad a lo largo del r\u00edo Magdalena<\/em>\u201d (Alcald\u00eda de Medell\u00edn, 2019)<br><br>Con el fin de fortalecer la agroindustria en la regi\u00f3n, se busca la consolidaci\u00f3n de clusters; para esta zona se proyectan dos \u201cagr\u00f3polis\u201d, una ubicada en el Cesar que adem\u00e1s unir\u00e1 a la parte sur de La Guajira, y la otra en Santander como eje central en Barrancabermeja y desde donde se coordinar\u00e1n las actividades agroindustriales del Magdalena Medio.<br><br>El sector minero-energ\u00e9tico es de suma importancia para la regi\u00f3n, pues buena parte de sus bienes naturales se centran en energ\u00e9ticos y minerales. Especial \u00e9nfasis tiene la explotaci\u00f3n de petr\u00f3leo y carb\u00f3n. En relaci\u00f3n a este \u00faltimo se asocian las l\u00edneas de transporte de carb\u00f3n que se dirigen hacia los puertos de Santa Marta y de Puerto Bol\u00edvar. Por otro lado, los cultivos y la infraestructura para la producci\u00f3n de agrocombustibles que se encuentran en la regi\u00f3n se integran para constituir una ventaja competitiva y dinamizar la econom\u00eda regional.<br><br>A partir de lo anterior se proyecta la extensi\u00f3n del ferrocarril del Cerrej\u00f3n para que conecte con la zona oriental a trav\u00e9s de las v\u00edas e hidrov\u00edas con el fin de transportar tambi\u00e9n productos agropecuarios.  <br><br>A lo anterior se le debe sumar los intereses de vieja data que se centran en la regi\u00f3n en torno a la explotaci\u00f3n de oro en la serran\u00eda de San Lucas y en los yacimientos de uranio de Santander.<br><br>Como se puede ver, se ha construido un entramado en la regi\u00f3n para facilitar la expoliaci\u00f3n territorial, la contaminaci\u00f3n y destrucci\u00f3n de ecosistemas. En este dise\u00f1o un potente sistema de transporte y obras de infraestructura son centrales, para lograr el transporte de bienes naturales destinados a la exportaci\u00f3n para el mercado mundial. <br><br><strong>Las luchas por el territorio siguen<\/strong><br><br>Organizaciones como la Asociaci\u00f3n de Familias Agromineras del sur de Bol\u00edvar y Antioquia AFASBA, La Asociaci\u00f3n Agrominera del Sur \u2013 Sur de Bol\u00edvar Asamis &#8211; sur, la Comisi\u00f3n de Interlocuci\u00f3n del Sur de Bol\u00edvar, Centro y Sur del Cesar y Santanderes y la Federaci\u00f3n Agrominera del Sur de Bol\u00edvar, entre otras, son protagonistas de luchas y propuestas. Al centro de las iniciativas de estas organizaciones se encuentra la recuperaci\u00f3n de la tierra despojada por terratenientes y empresas del agronegocio, tierra recuperada que se destina a la construcci\u00f3n de territorialidades de econom\u00edas campesinas y comunitarias, la defensa y protecci\u00f3n de la diversidad biol\u00f3gica y por supuesto la protecci\u00f3n de la vida social y de la dirigencia comunitaria. En ello el trabajo y el compromiso pol\u00edtico de las mujeres se destaca a trav\u00e9s de la participaci\u00f3n en los procesos organizativos, el impulso al sostenimiento de los procesos de recuperaci\u00f3n y la lucha por el territorio y los derechos humanos.<br><br>Nuevas agendas como la lucha contra el fracking y la defensa del agua, se suman a las reivindicaciones hist\u00f3ricas de permanencia en el territorio y la vida digna. Procesos de investigaci\u00f3n y formaci\u00f3n, como la construcci\u00f3n del Atlas van en esa direcci\u00f3n, potenciando los sue\u00f1os y ejemplo de Te\u00f3filo Acu\u00f1a, Jorge Tafur y Jos\u00e9 Luis Qui\u00f1ones.  <\/p>\n\n\n\n<figure class=\"wp-block-image size-large\"><img loading=\"lazy\" decoding=\"async\" width=\"1024\" height=\"580\" src=\"https:\/\/cedins.org\/wp-content\/uploads\/2022\/09\/IMG_20220610_123246_765-1024x580.jpg\" alt=\"\" class=\"wp-image-7278\" srcset=\"https:\/\/cedins.org\/wp-content\/uploads\/2022\/09\/IMG_20220610_123246_765-1024x580.jpg 1024w, https:\/\/cedins.org\/wp-content\/uploads\/2022\/09\/IMG_20220610_123246_765-300x170.jpg 300w, https:\/\/cedins.org\/wp-content\/uploads\/2022\/09\/IMG_20220610_123246_765-768x435.jpg 768w, https:\/\/cedins.org\/wp-content\/uploads\/2022\/09\/IMG_20220610_123246_765-1536x870.jpg 1536w, https:\/\/cedins.org\/wp-content\/uploads\/2022\/09\/IMG_20220610_123246_765.jpg 1920w\" sizes=\"(max-width: 1024px) 100vw, 1024px\" \/><figcaption>Foto: Cedins. Vista parcial de sesi\u00f3n de trabajo para la construcci\u00f3n del Atlas de conflictos.<\/figcaption><\/figure>\n\n\n\n<p><br><strong>Bibliograf\u00eda<\/strong><br><strong>Alcald\u00eda de Medell\u00edn. (2019).<\/strong> Metr\u00f3poli 2050. La superciudad de Medell\u00edn. Medell\u00edn.<br><strong>Castellanos, C.<\/strong> <strong>(2001)<\/strong>. Los ecosistemas de humedales en Colombia. Luna Azul. Vol.13.<br><strong>Corantioquia; Universidad Nacional de Colombia<\/strong>. <strong>(2001)<\/strong>. Prediagn\u00f3stico f\u00edsico y sociocultural participativo del estado de los humedales del Magdalena Medio. Medell\u00edn.<br><strong>Estrada, R. D.<\/strong> <strong>(2018)<\/strong>. Colonizaci\u00f3n, Estado y Violencia En San Pablo Sur de Bol\u00edvar en los a\u00f1os 1948 &#8211; 1968. Cartagena.<br><strong>Findeter. (2016)<\/strong>. Diamante Caribe y santanderes. Bogot\u00e1: Panamericana.<br><strong>IGAC. (s.f.)<\/strong>. https:\/\/igac.gov.co. Obtenido de https:\/\/igac.gov.co\/es\/noticias\/diversos-asi-son-los-suelos-del-cesar<br><strong>Mahecha Ramirez, C. J. (2019<\/strong>). Petr\u00f3leo y desequilibrios territoriales en el Magdalena Medio: el caso de Barrancabermeja y su \u00e1rea de influencia. (1922, 2018). Bogot\u00e1.<br><strong>Moor, M., &amp; van de Sandt, J. (2014<\/strong>). El lado oscuro del carb\u00f3n. La violencia paramilitar en la zona minera del Cesar, Colombia. Utrech, Pa\u00edses Bajos: PAX.<br><strong>\u00d3 Loinsigh, G. (2002).<\/strong> La estrategia integral del paramilitarismo en el Magdalena Medio de Colombia. Bogot\u00e1.<br><strong>Verdad Abierta. (junio de 2022)<\/strong>. https:\/\/verdadabierta.com. Obtenido de https:\/\/verdadabierta.com\/en-colombia-es-letal-defender-la-tierra-el-territorio-y-la-naturaleza\/<br><br><\/p>\n","protected":false},"excerpt":{"rendered":"<p>Cedins, con el apoyo del sindicato United Steel Workers Canad\u00e1, en articulaci\u00f3n y hermanamiento pol\u00edtico con las organizaciones campesinas de la regi\u00f3n Dos R\u00edos del Coordinador Nacional Agrario CNA, organizaciones ambientales, colectivos sindicales y de Derechos Humanos, viene desarrollando un proceso de investigaci\u00f3n y formaci\u00f3n que permitir\u00e1 construir un Atlas de conflictos socio territoriales y [&hellip;]<\/p>\n","protected":false},"author":3,"featured_media":7276,"comment_status":"open","ping_status":"closed","sticky":false,"template":"","format":"standard","meta":{"footnotes":"","jetpack_publicize_message":"","jetpack_publicize_feature_enabled":true,"jetpack_social_post_already_shared":true,"jetpack_social_options":{"image_generator_settings":{"template":"highway","default_image_id":0,"font":"","enabled":false},"version":2}},"categories":[7,518,14],"tags":[830,41,832,263,312,85,265,831,464],"class_list":["post-7266","post","type-post","status-publish","format-standard","has-post-thumbnail","hentry","category-investigaci","category-movimientos-sociales","category-tierras-y-territorios","tag-atlas-de-conflictos","tag-cedins","tag-cesar","tag-conflictos-territoriales","tag-ddhh","tag-despojo","tag-extractivismo","tag-magdalena-medio","tag-sur-de-bolivar"],"jetpack_publicize_connections":[],"jetpack_featured_media_url":"https:\/\/cedins.org\/wp-content\/uploads\/2022\/09\/cartel_taller_MM.png","_links":{"self":[{"href":"https:\/\/cedins.org\/index.php\/wp-json\/wp\/v2\/posts\/7266","targetHints":{"allow":["GET"]}}],"collection":[{"href":"https:\/\/cedins.org\/index.php\/wp-json\/wp\/v2\/posts"}],"about":[{"href":"https:\/\/cedins.org\/index.php\/wp-json\/wp\/v2\/types\/post"}],"author":[{"embeddable":true,"href":"https:\/\/cedins.org\/index.php\/wp-json\/wp\/v2\/users\/3"}],"replies":[{"embeddable":true,"href":"https:\/\/cedins.org\/index.php\/wp-json\/wp\/v2\/comments?post=7266"}],"version-history":[{"count":7,"href":"https:\/\/cedins.org\/index.php\/wp-json\/wp\/v2\/posts\/7266\/revisions"}],"predecessor-version":[{"id":7283,"href":"https:\/\/cedins.org\/index.php\/wp-json\/wp\/v2\/posts\/7266\/revisions\/7283"}],"wp:featuredmedia":[{"embeddable":true,"href":"https:\/\/cedins.org\/index.php\/wp-json\/wp\/v2\/media\/7276"}],"wp:attachment":[{"href":"https:\/\/cedins.org\/index.php\/wp-json\/wp\/v2\/media?parent=7266"}],"wp:term":[{"taxonomy":"category","embeddable":true,"href":"https:\/\/cedins.org\/index.php\/wp-json\/wp\/v2\/categories?post=7266"},{"taxonomy":"post_tag","embeddable":true,"href":"https:\/\/cedins.org\/index.php\/wp-json\/wp\/v2\/tags?post=7266"}],"curies":[{"name":"wp","href":"https:\/\/api.w.org\/{rel}","templated":true}]}}