{"id":714,"date":"2013-09-19T23:53:19","date_gmt":"2013-09-19T23:53:19","guid":{"rendered":"https:\/\/cedins.org\/wordpress\/index.php\/2013\/09\/19\/el-derecho-a-la-ciudad\/"},"modified":"2013-09-19T23:53:19","modified_gmt":"2013-09-19T23:53:19","slug":"el-derecho-a-la-ciudad","status":"publish","type":"post","link":"https:\/\/cedins.org\/index.php\/2013\/09\/19\/el-derecho-a-la-ciudad\/","title":{"rendered":"El derecho a la ciudad"},"content":{"rendered":"<p style=\"text-align: justify;\">Vivimos, despu\u00e9s de todo, en un mundo en el que los derechos a la propiedad privada y el benefici\u00f3 aplastan todas las dem\u00e1s nociones de derechos. El derecho a la ciudad es mucho m\u00e1s que la libertad individual de acceder a los recursos urbanos: se trata del derecho a cambiarnos a nosotros mismos cambiando la ciudad.<\/p>\n<p><a href=\"https:\/\/cedins.org\/dmdocuments\/harvey_el_derecho_a_la_ciudad.pdf\">harvey_el_derecho_a_la_ciudad.pdf<\/a><\/p>\n","protected":false},"excerpt":{"rendered":"<p>Vivimos, despu\u00e9s de todo, en un mundo en el que los derechos a la propiedad privada y el benefici\u00f3 aplastan todas las dem\u00e1s nociones de derechos. El derecho a la ciudad es mucho m\u00e1s que la libertad individual de acceder a los recursos urbanos: se trata del derecho a cambiarnos a nosotros mismos cambiando la [&hellip;]<\/p>\n","protected":false},"author":3,"featured_media":0,"comment_status":"open","ping_status":"closed","sticky":false,"template":"","format":"standard","meta":{"footnotes":"","jetpack_publicize_message":"","jetpack_publicize_feature_enabled":true,"jetpack_social_post_already_shared":true,"jetpack_social_options":{"image_generator_settings":{"template":"highway","default_image_id":0,"font":"","enabled":false},"version":2}},"categories":[504],"tags":[],"class_list":["post-714","post","type-post","status-publish","format-standard","hentry","category-ciudades"],"jetpack_publicize_connections":[],"jetpack_featured_media_url":"","_links":{"self":[{"href":"https:\/\/cedins.org\/index.php\/wp-json\/wp\/v2\/posts\/714","targetHints":{"allow":["GET"]}}],"collection":[{"href":"https:\/\/cedins.org\/index.php\/wp-json\/wp\/v2\/posts"}],"about":[{"href":"https:\/\/cedins.org\/index.php\/wp-json\/wp\/v2\/types\/post"}],"author":[{"embeddable":true,"href":"https:\/\/cedins.org\/index.php\/wp-json\/wp\/v2\/users\/3"}],"replies":[{"embeddable":true,"href":"https:\/\/cedins.org\/index.php\/wp-json\/wp\/v2\/comments?post=714"}],"version-history":[{"count":0,"href":"https:\/\/cedins.org\/index.php\/wp-json\/wp\/v2\/posts\/714\/revisions"}],"wp:attachment":[{"href":"https:\/\/cedins.org\/index.php\/wp-json\/wp\/v2\/media?parent=714"}],"wp:term":[{"taxonomy":"category","embeddable":true,"href":"https:\/\/cedins.org\/index.php\/wp-json\/wp\/v2\/categories?post=714"},{"taxonomy":"post_tag","embeddable":true,"href":"https:\/\/cedins.org\/index.php\/wp-json\/wp\/v2\/tags?post=714"}],"curies":[{"name":"wp","href":"https:\/\/api.w.org\/{rel}","templated":true}]}}