{"id":711,"date":"2013-09-19T22:48:20","date_gmt":"2013-09-19T22:48:20","guid":{"rendered":"https:\/\/cedins.org\/wordpress\/index.php\/2013\/09\/19\/mundializacion-neoliberal-cambios-urbanos-y-politicas-estatales-en-america-latina\/"},"modified":"2013-09-19T22:48:20","modified_gmt":"2013-09-19T22:48:20","slug":"mundializacion-neoliberal-cambios-urbanos-y-politicas-estatales-en-america-latina","status":"publish","type":"post","link":"https:\/\/cedins.org\/index.php\/2013\/09\/19\/mundializacion-neoliberal-cambios-urbanos-y-politicas-estatales-en-america-latina\/","title":{"rendered":"Mundializaci\u00f3n neoliberal, cambios urbanos y pol\u00edticas estatales en Am\u00e9rica Latina"},"content":{"rendered":"<p style=\"text-align: justify;\">A lo largo de cerca de tres d\u00e9cadas de aplicaci\u00f3n, el patr\u00f3n neoliberal de acumulaci\u00f3n de capital, con sus crisis recurrentes, ha producido profundos cambios en las estructuras econ\u00f3micas, sociales y territoriales de las ciudades latinoamericanas, sobre todo en las metr\u00f3polis, cuyas contradicciones marcar\u00e1n las pr\u00f3ximas d\u00e9cadas y plantear\u00e1n serios retos a las pol\u00edticas, la planeaci\u00f3n y la gesti\u00f3n urbanas.<\/p>\n<p><a href=\"https:\/\/cedins.org\/dmdocuments\/cm24_197.pdf\">cm24_197.pdf<\/a><\/p>\n","protected":false},"excerpt":{"rendered":"<p>A lo largo de cerca de tres d\u00e9cadas de aplicaci\u00f3n, el patr\u00f3n neoliberal de acumulaci\u00f3n de capital, con sus crisis recurrentes, ha producido profundos cambios en las estructuras econ\u00f3micas, sociales y territoriales de las ciudades latinoamericanas, sobre todo en las metr\u00f3polis, cuyas contradicciones marcar\u00e1n las pr\u00f3ximas d\u00e9cadas y plantear\u00e1n serios retos a las pol\u00edticas, la [&hellip;]<\/p>\n","protected":false},"author":3,"featured_media":0,"comment_status":"open","ping_status":"closed","sticky":false,"template":"","format":"standard","meta":{"footnotes":"","jetpack_publicize_message":"","jetpack_publicize_feature_enabled":true,"jetpack_social_post_already_shared":true,"jetpack_social_options":{"image_generator_settings":{"template":"highway","default_image_id":0,"font":"","enabled":false},"version":2}},"categories":[504],"tags":[],"class_list":["post-711","post","type-post","status-publish","format-standard","hentry","category-ciudades"],"jetpack_publicize_connections":[],"jetpack_featured_media_url":"","_links":{"self":[{"href":"https:\/\/cedins.org\/index.php\/wp-json\/wp\/v2\/posts\/711","targetHints":{"allow":["GET"]}}],"collection":[{"href":"https:\/\/cedins.org\/index.php\/wp-json\/wp\/v2\/posts"}],"about":[{"href":"https:\/\/cedins.org\/index.php\/wp-json\/wp\/v2\/types\/post"}],"author":[{"embeddable":true,"href":"https:\/\/cedins.org\/index.php\/wp-json\/wp\/v2\/users\/3"}],"replies":[{"embeddable":true,"href":"https:\/\/cedins.org\/index.php\/wp-json\/wp\/v2\/comments?post=711"}],"version-history":[{"count":0,"href":"https:\/\/cedins.org\/index.php\/wp-json\/wp\/v2\/posts\/711\/revisions"}],"wp:attachment":[{"href":"https:\/\/cedins.org\/index.php\/wp-json\/wp\/v2\/media?parent=711"}],"wp:term":[{"taxonomy":"category","embeddable":true,"href":"https:\/\/cedins.org\/index.php\/wp-json\/wp\/v2\/categories?post=711"},{"taxonomy":"post_tag","embeddable":true,"href":"https:\/\/cedins.org\/index.php\/wp-json\/wp\/v2\/tags?post=711"}],"curies":[{"name":"wp","href":"https:\/\/api.w.org\/{rel}","templated":true}]}}