{"id":678,"date":"2018-04-17T21:11:08","date_gmt":"2018-04-17T21:11:08","guid":{"rendered":"https:\/\/cedins.org\/wordpress\/index.php\/2018\/04\/17\/seminario-idearios-y-programas-que-movilizan-las-izquierdas\/"},"modified":"2018-04-17T21:11:08","modified_gmt":"2018-04-17T21:11:08","slug":"seminario-idearios-y-programas-que-movilizan-las-izquierdas","status":"publish","type":"post","link":"https:\/\/cedins.org\/index.php\/2018\/04\/17\/seminario-idearios-y-programas-que-movilizan-las-izquierdas\/","title":{"rendered":"SEMINARIO: Idearios y programas que movilizan las izquierdas"},"content":{"rendered":"<p><strong><img fetchpriority=\"high\" decoding=\"async\" class=\" size-full wp-image-677\" src=\"https:\/\/cedins.org\/wordpress\/wp-content\/uploads\/2018\/04\/IMG-20180417-WA0021.jpg\" border=\"0\" alt=\"\" width=\"462\" height=\"654\" style=\"display: block; margin-left: auto; margin-right: auto;\" srcset=\"https:\/\/cedins.org\/wp-content\/uploads\/2018\/04\/IMG-20180417-WA0021.jpg 500w, https:\/\/cedins.org\/wp-content\/uploads\/2018\/04\/IMG-20180417-WA0021-212x300.jpg 212w\" sizes=\"(max-width: 462px) 100vw, 462px\" \/><\/strong><\/p>\n<p style=\"text-align: justify;\"><strong>SEMINARIO: IDEARIOS Y PROGRAMAS QUE MOVILIZAN LAS IZQUIERDAS.<\/strong><br \/>Sintraunicol Universidad del Valle<br \/>Santiago de Cali &#8211; Valle del Cauca<br \/>20 y 21 de abril<\/p>\n<p>El Instituto Nacional Sindical CEDINS contin\u00faa con la generaci\u00f3n de espacios de encuentro y de debate en temas atinentes al campo popular. Para esta ocasi\u00f3n convocamos a una reflexi\u00f3n acerca de los idearios de las izquierdas, los debates y los desaf\u00edos actuales en un momento caracterizado por una fuerte disputa ideol\u00f3gica, en la que se pretende devastar los ideales de rebeld\u00eda de los pueblos y de transformaci\u00f3n pol\u00edtica y social ya que la derecha ha tomado la iniciativa tanto ideol\u00f3gica como pol\u00edticamente, es por ello que se hace necesario precisar c\u00f3mo vamos a responder a esta ofensiva.<\/p>\n<p style=\"text-align: justify;\"><strong>OBJETIVOS<\/strong><br \/><strong>General<\/strong><\/p>\n<p>Contribuir a los debates program\u00e1ticos, ideol\u00f3gicos y te\u00f3ricos que hoy desarrollan las izquierdas y el movimiento popular colombiano.<\/p>\n<p><strong>Espec\u00edficos<\/strong><\/p>\n<p>1. Identificar el nivel de receptividad de los programas, propuestas e idearios del campo popular y las izquierdas en el conjunto de la poblaci\u00f3n.<\/p>\n<p>2. Caracterizar el programa ideol\u00f3gico del bloque popular y el bloque dominante en la actualidad.<\/p>\n<p>3. Evidenciar el amplio campo de las izquierdas y la diversidad de propuestas que configuran el campo popular.<\/p>\n<p><strong>PROGRAMACI\u00d3N<\/strong><\/p>\n<p><strong>Viernes 20 de abril:<\/strong><\/p>\n<p style=\"text-align: justify;\">3:00 p.m. Instalaci\u00f3n y bienvenida<br \/>Equipo CEDINS<\/p>\n<p>3:30 Panel \u00bfCu\u00e1l es nuestro programa de emancipaci\u00f3n para Colombia?<br \/>Alejandro Mantilla &#8211; CEDINS, Ana Erazo &#8211; Poder y Unidad Popular PUP y Gilberto Pareja &#8211; Partido Comunista Colombiano.<\/p>\n<p>5:30 Cierre de la jornada<\/p>\n<p style=\"text-align: justify;\"><strong>S\u00e1bado 21 de abril<\/strong><\/p>\n<p>9:00 a.m. Panel: \u00bfDe qu\u00e9 hablamos cu\u00e1ndo hablamos de transformar la sociedad?<br \/>Jos\u00e9 Benito Garz\u00f3n Universidad del Valle y por confirmar conferencista de la Pontificia Universidad Javeriana de Cali.<\/p>\n<p>12: 30 p.m. Receso.<\/p>\n<p>2:00 p.m. Panel: \u00bfC\u00f3mo descolonizar y despatriarcalizar el territorio?<br \/>Juan Carlos Houghton &#8211; Corporaci\u00f3n Ensayos, Katherine Duque y Mar\u00eda Catalina G\u00f3mez &#8211; Grupo de estudios culturales Pontificia Universidad Javeriana, Hildebrando V\u00e9lez \u2013 Ambientalista. Ex director del INS sur occidente y catedr\u00e1tico de la Universidad Nacional de Colombia.<\/p>\n<p style=\"text-align: justify;\">5:00 p.m. Cierre de la jornada<\/p>\n<p>Agradecemos su inscripci\u00f3n al correo direccion@cedins.org<\/p>\n<p>Fraternalmente,<br \/>Equipo CEDINS<\/p>\n","protected":false},"excerpt":{"rendered":"<p><strong><img decoding=\"async\" class=\" size-full wp-image-677\" src=\"https:\/\/cedins.rf.gd\/wordpress\/wp-content\/uploads\/2018\/04\/IMG-20180417-WA0021.jpg\" border=\"0\" alt=\"\" width=\"462\" height=\"654\" style=\"display: block; margin-left: auto; margin-right: auto;\" srcset=\"https:\/\/cedins.org\/wp-content\/uploads\/2018\/04\/IMG-20180417-WA0021.jpg 500w, https:\/\/cedins.org\/wp-content\/uploads\/2018\/04\/IMG-20180417-WA0021-212x300.jpg 212w\" sizes=\"(max-width: 462px) 100vw, 462px\" \/><\/strong><\/p>\n<p style=\"text-align: justify;\"><strong>SEMINARIO: IDEARIOS Y PROGRAMAS QUE MOVILIZAN LAS IZQUIERDAS.<\/strong><br \/>Sintraunicol Universidad del Valle<br \/>Santiago de Cali &#8211; Valle del Cauca<br \/>20 y 21 de abril<\/p>\n","protected":false},"author":3,"featured_media":677,"comment_status":"open","ping_status":"closed","sticky":false,"template":"","format":"standard","meta":{"footnotes":"","jetpack_publicize_message":"","jetpack_publicize_feature_enabled":true,"jetpack_social_post_already_shared":true,"jetpack_social_options":{"image_generator_settings":{"template":"highway","default_image_id":0,"font":"","enabled":false},"version":2}},"categories":[517],"tags":[],"class_list":["post-678","post","type-post","status-publish","format-standard","has-post-thumbnail","hentry","category-actualidad"],"jetpack_publicize_connections":[],"jetpack_featured_media_url":"https:\/\/cedins.org\/wp-content\/uploads\/2018\/04\/IMG-20180417-WA0021.jpg","_links":{"self":[{"href":"https:\/\/cedins.org\/index.php\/wp-json\/wp\/v2\/posts\/678","targetHints":{"allow":["GET"]}}],"collection":[{"href":"https:\/\/cedins.org\/index.php\/wp-json\/wp\/v2\/posts"}],"about":[{"href":"https:\/\/cedins.org\/index.php\/wp-json\/wp\/v2\/types\/post"}],"author":[{"embeddable":true,"href":"https:\/\/cedins.org\/index.php\/wp-json\/wp\/v2\/users\/3"}],"replies":[{"embeddable":true,"href":"https:\/\/cedins.org\/index.php\/wp-json\/wp\/v2\/comments?post=678"}],"version-history":[{"count":0,"href":"https:\/\/cedins.org\/index.php\/wp-json\/wp\/v2\/posts\/678\/revisions"}],"wp:featuredmedia":[{"embeddable":true,"href":"https:\/\/cedins.org\/index.php\/wp-json\/wp\/v2\/media\/677"}],"wp:attachment":[{"href":"https:\/\/cedins.org\/index.php\/wp-json\/wp\/v2\/media?parent=678"}],"wp:term":[{"taxonomy":"category","embeddable":true,"href":"https:\/\/cedins.org\/index.php\/wp-json\/wp\/v2\/categories?post=678"},{"taxonomy":"post_tag","embeddable":true,"href":"https:\/\/cedins.org\/index.php\/wp-json\/wp\/v2\/tags?post=678"}],"curies":[{"name":"wp","href":"https:\/\/api.w.org\/{rel}","templated":true}]}}