{"id":668,"date":"2018-03-06T00:33:21","date_gmt":"2018-03-06T00:33:21","guid":{"rendered":"https:\/\/cedins.org\/wordpress\/index.php\/2018\/03\/06\/comunicado-de-solidaridad-con-los-pilotos-colombianos\/"},"modified":"2018-07-21T01:09:24","modified_gmt":"2018-07-21T01:09:24","slug":"comunicado-de-solidaridad-con-los-pilotos-colombianos","status":"publish","type":"post","link":"https:\/\/cedins.org\/index.php\/2018\/03\/06\/comunicado-de-solidaridad-con-los-pilotos-colombianos\/","title":{"rendered":"Comunicado de solidaridad con los pilotos colombianos"},"content":{"rendered":"<p style=\"text-align: justify;\"><strong>El Proceso Obrero Sindical del Congreso de los Pueblos<\/strong><\/p>\n<p>Ante la decisi\u00f3n de la Corte Suprema de Justicia de negar la solicitud de nulidad del fallo que declara ilegal la huelga de pilotos de Avianca, asociados en ACDAC, expresa a la comunidad nacional e internacional que:<\/p>\n<p><strong>1.<\/strong> Rechazamos la decisi\u00f3n de la Corte Suprema de Justicia ya que esta decisi\u00f3n es un nuevo golpe para la soberan\u00eda jur\u00eddica del pa\u00eds, para el principio de legalidad, el debido proceso y especialmente para los derechos de los trabajadores y trabajadoras, corroborando que los intereses de la inversi\u00f3n extranjera pasan por encima de los Derechos Fundamentales en Colombia.<\/p>\n<p style=\"text-align: justify;\"><strong>2.<\/strong> Como lo manifiesta el Capit\u00e1n Jaime Hern\u00e1ndez, presidente de la Asociaci\u00f3n Colombiana de Aviadores Civiles de ACDAC, la Corte ha cometido una acci\u00f3n arbitraria y violatoria de los derechos laborales de los trabajadores de Avianca, despidiendo a m\u00e1s de 90 trabajadores, generando una verdadera masacre laboral, engrosando las filas del ej\u00e9rcito de desempleados.<\/p>\n<p><strong>3.<\/strong> El Congreso de los Pueblos, los trabajadores y trabajadoras afiliados a sindicatos de varias ramas de la producci\u00f3n y los servicios, denunciamos al inversionista y acaparador de tierras Germ\u00e1n Efromovich, presidente de la aerol\u00ednea Avianca, como responsable de esta masacre laboral y exigimos a la justicia colombiana, al gobierno nacional y a los organismos de control garantizar el respeto de los derechos de las y los trabajadores y usuarios.<\/p>\n<p><strong>4.<\/strong> La huelga de pilotos de Avianca realizada entre septiembre y noviembre de 2017, es legal y leg\u00edtima en correspondencia con los convenios internacionales y la constituci\u00f3n colombiana y a favor de los derechos laborales y del bienestar de los pasajeros.<\/p>\n<p><strong>5.<\/strong> Respaldamos a ACDAC en sus denuncias ante cortes internacionales y la Organizaci\u00f3n Internacional del Trabajo OIT. Nos solidarizamos y apoyamos todas las acciones de lucha y movilizaci\u00f3n que ACDAC desarrolle por el restablecimiento del derecho al trabajo y a sus prestaciones laborales.<\/p>\n<p>\u00a1Viva la digna lucha de los pilotos de Avianca!\u00a0 ! Adelante compa\u00f1eros y compa\u00f1eras !<\/p>\n<p>Marzo 2018 &#8211; Equipo obrero y sindical del Congreso de los Pueblos &#8211; Colombia<\/p>\n<p><strong>CONSTRUYENDO PA\u00cdS PARA LA VIDA DIGNA<\/strong><\/p>\n","protected":false},"excerpt":{"rendered":"<p style=\"text-align: justify;\"><img fetchpriority=\"high\" decoding=\"async\" class=\" alignleft size-full wp-image-667\" src=\"https:\/\/cedins.rf.gd\/wordpress\/wp-content\/uploads\/2018\/03\/acdac.jpg\" border=\"0\" style=\"float: left; margin: 3px;\" width=\"400\" height=\"225\" srcset=\"https:\/\/cedins.org\/wp-content\/uploads\/2018\/03\/acdac.jpg 400w, https:\/\/cedins.org\/wp-content\/uploads\/2018\/03\/acdac-300x169.jpg 300w\" sizes=\"(max-width: 400px) 100vw, 400px\" \/>El Proceso Obrero Sindical del Congreso de los Pueblos<\/p>\n<p>Ante la decisi\u00f3n de la Corte Suprema de Justicia de negar la solicitud de nulidad del fallo que declara ilegal la huelga de pilotos de Avianca, asociados en ACDAC, expresa a la comunidad nacional e internacional que: <\/p>\n<p><strong>1.<\/strong> Rechazamos la decisi\u00f3n de la Corte Suprema de Justicia ya que esta decisi\u00f3n es un nuevo golpe para la soberan\u00eda jur\u00eddica del pa\u00eds, para el principio de legalidad, el debido proceso y especialmente para los derechos de los trabajadores y trabajadoras, corroborando que los intereses de la inversi\u00f3n extranjera pasan por encima de los Derechos Fundamentales en Colombia.<\/p>\n","protected":false},"author":3,"featured_media":667,"comment_status":"open","ping_status":"closed","sticky":false,"template":"","format":"standard","meta":{"footnotes":"","jetpack_publicize_message":"","jetpack_publicize_feature_enabled":true,"jetpack_social_post_already_shared":true,"jetpack_social_options":{"image_generator_settings":{"template":"highway","default_image_id":0,"font":"","enabled":false},"version":2}},"categories":[4],"tags":[],"class_list":["post-668","post","type-post","status-publish","format-standard","has-post-thumbnail","hentry","category-sindical"],"jetpack_publicize_connections":[],"jetpack_featured_media_url":"https:\/\/cedins.org\/wp-content\/uploads\/2018\/03\/acdac.jpg","_links":{"self":[{"href":"https:\/\/cedins.org\/index.php\/wp-json\/wp\/v2\/posts\/668","targetHints":{"allow":["GET"]}}],"collection":[{"href":"https:\/\/cedins.org\/index.php\/wp-json\/wp\/v2\/posts"}],"about":[{"href":"https:\/\/cedins.org\/index.php\/wp-json\/wp\/v2\/types\/post"}],"author":[{"embeddable":true,"href":"https:\/\/cedins.org\/index.php\/wp-json\/wp\/v2\/users\/3"}],"replies":[{"embeddable":true,"href":"https:\/\/cedins.org\/index.php\/wp-json\/wp\/v2\/comments?post=668"}],"version-history":[{"count":1,"href":"https:\/\/cedins.org\/index.php\/wp-json\/wp\/v2\/posts\/668\/revisions"}],"predecessor-version":[{"id":877,"href":"https:\/\/cedins.org\/index.php\/wp-json\/wp\/v2\/posts\/668\/revisions\/877"}],"wp:featuredmedia":[{"embeddable":true,"href":"https:\/\/cedins.org\/index.php\/wp-json\/wp\/v2\/media\/667"}],"wp:attachment":[{"href":"https:\/\/cedins.org\/index.php\/wp-json\/wp\/v2\/media?parent=668"}],"wp:term":[{"taxonomy":"category","embeddable":true,"href":"https:\/\/cedins.org\/index.php\/wp-json\/wp\/v2\/categories?post=668"},{"taxonomy":"post_tag","embeddable":true,"href":"https:\/\/cedins.org\/index.php\/wp-json\/wp\/v2\/tags?post=668"}],"curies":[{"name":"wp","href":"https:\/\/api.w.org\/{rel}","templated":true}]}}