{"id":633,"date":"2017-04-26T20:26:53","date_gmt":"2017-04-26T20:26:53","guid":{"rendered":"https:\/\/cedins.org\/wordpress\/index.php\/2017\/04\/26\/seminario-internacional-centenario-de-la-revolucion-de-octubre-y-150-anos-de-el-capital\/"},"modified":"2017-04-26T20:26:53","modified_gmt":"2017-04-26T20:26:53","slug":"seminario-internacional-centenario-de-la-revolucion-de-octubre-y-150-anos-de-el-capital","status":"publish","type":"post","link":"https:\/\/cedins.org\/index.php\/2017\/04\/26\/seminario-internacional-centenario-de-la-revolucion-de-octubre-y-150-anos-de-el-capital\/","title":{"rendered":"Seminario Internacional: Centenario de la Revoluci\u00f3n de Octubre y 150 a\u00f1os de El Capital"},"content":{"rendered":"<p style=\"text-align: center;\"><img fetchpriority=\"high\" decoding=\"async\" class=\" size-full wp-image-632\" src=\"https:\/\/cedins.org\/wordpress\/wp-content\/uploads\/2017\/04\/seminarioK1.jpg\" border=\"0\" alt=\"\" style=\"display: block; margin-left: auto; margin-right: auto;\" width=\"500\" height=\"709\" srcset=\"https:\/\/cedins.org\/wp-content\/uploads\/2017\/04\/seminarioK1.jpg 500w, https:\/\/cedins.org\/wp-content\/uploads\/2017\/04\/seminarioK1-212x300.jpg 212w\" sizes=\"(max-width: 500px) 100vw, 500px\" \/><\/p>\n<p style=\"text-align: justify;\"><strong>Bogot\u00e1 D.C. 25, 26 y 27 de mayo de 2017 &#8211; Universidad Pedag\u00f3gica Nacional<\/strong><\/p>\n<p>Encontr\u00e1ndonos en el Centenario de uno de los hechos m\u00e1s representativos de la historia contempor\u00e1nea, la Corporaci\u00f3n de Investigaci\u00f3n y de Educaci\u00f3n Popular CIEP y la Corporaci\u00f3n para la Educaci\u00f3n y la Investigaci\u00f3n Popular &#8211; Instituto Nacional Sindical CED &#8211; INS, se proponen contribuir a la conmemoraci\u00f3n de los 100 A\u00f1os de la Revoluci\u00f3n Rusa, que de seguro contar\u00e1 con realizaciones en muchos sitios del mundo.<\/p>\n<p style=\"text-align: justify;\">Igualmente, nos proponemos resaltar la importancia y vigencia que tiene para el movimiento obrero y las luchas sociales la magna obra de Carlos Marx \u201cEl Capital\u201d, que este a\u00f1o cumple 150 a\u00f1os de su publicaci\u00f3n, brindando luces y salidas a la clase trabajadora frente a los problemas permanentes del sistema capitalista, manifestados en las crisis que vive desde su g\u00e9nesis.<\/p>\n<p style=\"text-align: justify;\">Considerando de gran importancia compartir teor\u00edas, significaciones, opiniones y propuestas desde distintos \u00e1ngulos del conocimiento y de la lucha pol\u00edtica, realizaremos un intercambio de diversas postulaciones acad\u00e9micas, hist\u00f3ricas y pol\u00edticas que permitan un enriquecimiento del conocimiento respecto del proceso gestado en la lucha contra el zarismo, sus logros y la trascendencia internacional en las posteriores luchas, para ello, contaremos con la participaci\u00f3n de delegado\/as de pa\u00edses hermanos como M\u00e9xico, Rep\u00fablica Dominicana, Venezuela, Ecuador, Per\u00fa, Brasil, y de importantes organizaciones sociales, pol\u00edticas y acad\u00e9micas de Colombia.<\/p>\n<p>Los temas a tratar ser\u00e1n propios de los hechos hist\u00f3ricos relacionados con la actualidad: El Socialismo, el proyecto econ\u00f3mico, el proceso revolucionario, las luchas anti imperialistas, la paz y la unidad, los cuales ser\u00e1n abordados a trav\u00e9s de paneles con diversas ponencias tanto nacionales como internacionales, que permitan el intercambio y al interlocuci\u00f3n entre participantes y panelistas.<\/p>\n<p>Queremos invitar a los m\u00e1s amplios sectores sociales, pol\u00edticos y acad\u00e9micos, en particular a estudiantes y j\u00f3venes, para que nos aporten en los an\u00e1lisis, apreciaciones y valoraciones sobre tan importante conmemoraci\u00f3n hist\u00f3rica.<\/p>\n<p>El seminario contar\u00e1 con actos conmemorativos sobre la semblanza, ejemplo y ense\u00f1anzas de Ernesto \u201cChe\u201d Guevara en el 50\u00aa\u00a0 aniversario de su muerte y\u00a0 con diversas actividades culturales.<\/p>\n<p><strong>Objetivos<\/strong><\/p>\n<p>1. Contextualizar hist\u00f3ricamente los hechos que conllevaron\u00a0 al proceso de Octubre de 1917 exaltando su significado internacional.<\/p>\n<p>2. Compartir teor\u00edas, significaciones, opiniones y propuestas desde distintos \u00e1ngulos del conocimiento acerca de la revoluci\u00f3n de octubre. <\/p>\n<p>3. Identificar los aportes dados por la revoluci\u00f3n de octubre en la construcci\u00f3n de la nueva sociedad desde los principios proletarios<\/p>\n<p>4. Generar una reflexi\u00f3n pol\u00edtica, acad\u00e9mica e hist\u00f3rica a cerca del 150 aniversario de la publicaci\u00f3n de \u201cEl Capital\u201d que contribuya al an\u00e1lisis cr\u00edtico y propositivo de las luchas emancipatorias.<\/p>\n<p>5. Posibilitar intercambios entre las diversas experiencias que permitan estrechar los lazos de apoyo y solidaridad entre nuestros pueblos y la clase obrera.<\/p>\n<p style=\"text-align: justify;\"><strong>Informes e inscripciones:<\/strong><\/p>\n<p style=\"text-align: justify;\"><strong>direccion@cedins.org &#8211; ciep2015@gmail.com<\/strong><\/p>\n","protected":false},"excerpt":{"rendered":"<p style=\"text-align: center;\"><img decoding=\"async\" class=\" size-full wp-image-632\" src=\"https:\/\/cedins.rf.gd\/wordpress\/wp-content\/uploads\/2017\/04\/seminarioK1.jpg\" border=\"0\" alt=\"\" style=\"display: block; margin-left: auto; margin-right: auto;\" width=\"500\" height=\"709\" srcset=\"https:\/\/cedins.org\/wp-content\/uploads\/2017\/04\/seminarioK1.jpg 500w, https:\/\/cedins.org\/wp-content\/uploads\/2017\/04\/seminarioK1-212x300.jpg 212w\" sizes=\"(max-width: 500px) 100vw, 500px\" \/><\/p>\n<p style=\"text-align: justify;\"><strong>Bogot\u00e1 D.C. 25, 26 y 27 de mayo de 2017 &#8211; Universidad Pedag\u00f3gica Nacional<\/strong><\/p>\n<p>Encontr\u00e1ndonos en el Centenario de uno de los hechos m\u00e1s representativos de la historia contempor\u00e1nea, la Corporaci\u00f3n de Investigaci\u00f3n y de Educaci\u00f3n Popular CIEP y la Corporaci\u00f3n para la Educaci\u00f3n y la Investigaci\u00f3n Popular &#8211; Instituto Nacional Sindical CED &#8211; INS, se proponen contribuir a la conmemoraci\u00f3n de los 100 A\u00f1os de la Revoluci\u00f3n Rusa, que de seguro contar\u00e1 con realizaciones en muchos sitios del mundo.<\/p>\n","protected":false},"author":3,"featured_media":632,"comment_status":"open","ping_status":"closed","sticky":false,"template":"","format":"standard","meta":{"footnotes":"","jetpack_publicize_message":"","jetpack_publicize_feature_enabled":true,"jetpack_social_post_already_shared":true,"jetpack_social_options":{"image_generator_settings":{"template":"highway","default_image_id":0,"font":"","enabled":false},"version":2}},"categories":[7],"tags":[],"class_list":["post-633","post","type-post","status-publish","format-standard","has-post-thumbnail","hentry","category-investigaci"],"jetpack_publicize_connections":[],"jetpack_featured_media_url":"https:\/\/cedins.org\/wp-content\/uploads\/2017\/04\/seminarioK1.jpg","_links":{"self":[{"href":"https:\/\/cedins.org\/index.php\/wp-json\/wp\/v2\/posts\/633","targetHints":{"allow":["GET"]}}],"collection":[{"href":"https:\/\/cedins.org\/index.php\/wp-json\/wp\/v2\/posts"}],"about":[{"href":"https:\/\/cedins.org\/index.php\/wp-json\/wp\/v2\/types\/post"}],"author":[{"embeddable":true,"href":"https:\/\/cedins.org\/index.php\/wp-json\/wp\/v2\/users\/3"}],"replies":[{"embeddable":true,"href":"https:\/\/cedins.org\/index.php\/wp-json\/wp\/v2\/comments?post=633"}],"version-history":[{"count":0,"href":"https:\/\/cedins.org\/index.php\/wp-json\/wp\/v2\/posts\/633\/revisions"}],"wp:featuredmedia":[{"embeddable":true,"href":"https:\/\/cedins.org\/index.php\/wp-json\/wp\/v2\/media\/632"}],"wp:attachment":[{"href":"https:\/\/cedins.org\/index.php\/wp-json\/wp\/v2\/media?parent=633"}],"wp:term":[{"taxonomy":"category","embeddable":true,"href":"https:\/\/cedins.org\/index.php\/wp-json\/wp\/v2\/categories?post=633"},{"taxonomy":"post_tag","embeddable":true,"href":"https:\/\/cedins.org\/index.php\/wp-json\/wp\/v2\/tags?post=633"}],"curies":[{"name":"wp","href":"https:\/\/api.w.org\/{rel}","templated":true}]}}