{"id":63,"date":"2010-04-27T20:13:14","date_gmt":"2010-04-27T20:13:14","guid":{"rendered":"https:\/\/cedins.org\/wordpress\/index.php\/2010\/04\/27\/iza-arrasada-por-la-multinacional-holcim\/"},"modified":"2010-04-27T20:13:14","modified_gmt":"2010-04-27T20:13:14","slug":"iza-arrasada-por-la-multinacional-holcim","status":"publish","type":"post","link":"https:\/\/cedins.org\/index.php\/2010\/04\/27\/iza-arrasada-por-la-multinacional-holcim\/","title":{"rendered":"Iza arrasada por la multinacional Holcim"},"content":{"rendered":"<p style=\"text-align: justify;\"><img fetchpriority=\"high\" decoding=\"async\" class=\" alignleft size-full wp-image-62\" src=\"https:\/\/cedins.org\/wordpress\/wp-content\/uploads\/2010\/04\/mineria3.jpg\" border=\"0\" alt=\"Imagen activa\" title=\"Holcim arrasa Iza, Boyac\u00e1\" width=\"400\" height=\"400\" style=\"float: left; margin: 2px; border: 2px solid black;\" srcset=\"https:\/\/cedins.org\/wp-content\/uploads\/2010\/04\/mineria3.jpg 300w, https:\/\/cedins.org\/wp-content\/uploads\/2010\/04\/mineria3-150x150.jpg 150w, https:\/\/cedins.org\/wp-content\/uploads\/2010\/04\/mineria3-160x160.jpg 160w, https:\/\/cedins.org\/wp-content\/uploads\/2010\/04\/mineria3-320x320.jpg 320w\" sizes=\"(max-width: 400px) 100vw, 400px\" \/>En el municipio de Iza, conocido como el \u201cNido Verde\u201d de Boyac\u00e1, y declarada Bien de Inter\u00e9s Cultural de la Naci\u00f3n, nos reunimos el 17 de Abril de 2.010, la comunidad, los damnificados directos por el impacto ambiental, Veedores Ciudadanos, el Comit\u00e9 Regional de Defensa Ambiental, ingenieros ambientales, ge\u00f3logos, profesionales de otras disciplinas y miembros de otras organizaciones sociales, para analizar los estragos ecol\u00f3gicos y socio-econ\u00f3micos ocasionados por la explotaci\u00f3n del mineral puzolana por la multinacional cementera HOLCIM, con sede en el municipio de Nobsa.<\/p>\n<p style=\"text-align: justify;\">En el municipio de Iza, conocido como el \u201cNido Verde\u201d de Boyac\u00e1, y declarada Bien de Inter\u00e9s Cultural de la Naci\u00f3n, nos reunimos el 17 de Abril de 2.010, la comunidad, los damnificados directos por el impacto ambiental, Veedores Ciudadanos, el Comit\u00e9 Regional de Defensa Ambiental, ingenieros ambientales, ge\u00f3logos, profesionales de otras disciplinas y miembros de otras organizaciones sociales, para analizar los estragos ecol\u00f3gicos y socio-econ\u00f3micos ocasionados por la explotaci\u00f3n del mineral puzolana por la multinacional cementera HOLCIM, con sede en el municipio de Nobsa.<\/p>\n<p>Las generaciones que vivimos antes de comenzar el desastre ambiental aprendimos a querer entra\u00f1ablemente nuestro bello paisaje compuesto por su f\u00e9rtil valle y sus monta\u00f1as. Dentro de ellas, el cerro Vita, ahora en v\u00eda de extinci\u00f3n, fue sagrado para nuestros antepasados Muiscas, y muy importante al proveer tierras f\u00e9rtiles a nuestros abuelos campesinos. En su interior albergaba una gran riqueza, las ahora perdidas fuentes de aguas termominerales, que constitu\u00edan el eje del desarrollo tur\u00edstico regional, con proyecci\u00f3n nacional e internacional. Alrededor de la llamada \u201cIndustrias sin chimeneas\u201d prosperaban la hoteler\u00eda, las artesan\u00edas, el transporte, el comercio y la venta de productos agropecuarios producidos por los habitantes de la comarca. Todo ello\u00a0\u00a0 hoy en crisis.\u00a0 Asimismo, son f\u00e1cilmente perceptibles los suelos altamente degradados y afectaci\u00f3n grave de la quebrada aguas calientes, la flora, la fauna, los nacientes de agua dulce, los humedales, y la contaminaci\u00f3n de aguas, aire y pastizales.<\/p>\n<p>Para desconsuelo de nuestra comunidad, este grave problema ambiental, econ\u00f3mico y social no tiene muchos dolientes. Comenzando por la abulia, la indiferencia, la apat\u00eda y la carencia de un m\u00ednimo de amor y lealtad a la patria por parte de la Administraci\u00f3n y el Concejo municipal de Iza y las autoridades ambientales (CORPOBOYAC\u00c1, entre ellas), que no previeron las consecuencias nefastas de la explotaci\u00f3n del mineral por HOLCIM, y que ahora frente a la tragedia, se atreven a decir, sin sonrojarse, con la multinacional, que aqu\u00ed no ha pasado nada, que todo est\u00e1 en regla y que marcha de acuerdo con la Ley. La realidad es que no ha habido autoridad alguna, que haya tomado en serio y con la debida responsabilidad las medidas de prevenci\u00f3n, control y mitigaci\u00f3n contempladas en el plan de manejo ambiental, que de otra suerte hubiera evitado los severos da\u00f1os causados.<\/p>\n<p>El problema es grave y no da espera. Al igual que todos los cr\u00edmenes ecol\u00f3gicos cometidos en cualquier parte del mundo afecta nuestro hogar, que es el planeta Tierra. Entonces, como el problema es de todos y en \u00e9l se compromete la vida de muchas especies, incluyendo la vida humana, demandamos su solidaridad, porque todos hacemos parte de la soluci\u00f3n. Si no paramos ese \u201cprogreso\u201d que mata, estaremos avanzando hacia el suicidio de la especie humana. Por ello, nos dirigimos a nuestra regi\u00f3n, a Colombia y al mundo para manifestar:<\/p>\n<p>1.Preferimos la vida a la miner\u00eda. Por ello exigimos la suspensi\u00f3n inmediata de la explotaci\u00f3n del mineral puzolana en el municipio de Iza, la mitigaci\u00f3n del impacto ambiental, la reparaci\u00f3n plena y la indemnizaci\u00f3n por todos los da\u00f1os causados por parte de la empresa cementera HOLCIM, con sede en Nobsa, Boyac\u00e1.<\/p>\n<p style=\"text-align: justify;\">2.Los beneficios econ\u00f3micos que ha recibido el municipio durante los a\u00f1os de explotaci\u00f3n no se compadecen con el enorme da\u00f1o ambiental causado y si no se suspende de inmediato la explotaci\u00f3n, los da\u00f1os ser\u00e1n a\u00fan mayores, irreversibles e irreparables.<\/p>\n<p style=\"text-align: justify;\">3.El mineral puzolana es un recurso no renovable. De continuar su explotaci\u00f3n, al agotarse el mismo, solamente nos quedar\u00e1n los socavones y el desastre ambiental, econ\u00f3mico y social.\u00a0 Por el contrario, si se logran recuperar los da\u00f1os causados, con el turismo, la producci\u00f3n agropecuaria y el comercio, se tendr\u00e1 un recurso sostenible que incidir\u00e1 positivamente en la calidad de vida de la comunidad.<\/p>\n<p style=\"text-align: justify;\">4.Exigimos que la Administraci\u00f3n, el personero y el Concejo Municipal de Iza, las autoridades ambientales y el gobierno departamental y nacional se apersonen de sus responsabilidades de cumplir con el Cap\u00edtulo 3 de nuestra Constituci\u00f3n Nacional, en particular, lo establecido en el Art\u00edculo 79.<\/p>\n<p>COMIT\u00c9 REGIONAL DE DEFENSA AMBIENTAL DE SUGAMUXI<\/p>\n<p>VEEDUR\u00cdA CIUDADANA DE SOGAMOSO E IZA<\/p>\n<p>FUNDACI\u00d3N NIDO VERDE,\u00a0 IZA<\/p>\n","protected":false},"excerpt":{"rendered":"<p style=\"text-align: justify;\"><img decoding=\"async\" class=\" alignleft size-full wp-image-62\" src=\"https:\/\/cedins.rf.gd\/wordpress\/wp-content\/uploads\/2010\/04\/mineria3.jpg\" border=\"0\" alt=\"Imagen activa\" title=\"Holcim arrasa Iza, Boyac\u00e1\" width=\"400\" height=\"400\" style=\"float: left; margin: 2px; border: 2px solid black;\" srcset=\"https:\/\/cedins.org\/wp-content\/uploads\/2010\/04\/mineria3.jpg 300w, https:\/\/cedins.org\/wp-content\/uploads\/2010\/04\/mineria3-150x150.jpg 150w, https:\/\/cedins.org\/wp-content\/uploads\/2010\/04\/mineria3-160x160.jpg 160w, https:\/\/cedins.org\/wp-content\/uploads\/2010\/04\/mineria3-320x320.jpg 320w\" sizes=\"(max-width: 400px) 100vw, 400px\" \/>En el municipio de Iza, conocido como el \u201cNido Verde\u201d de Boyac\u00e1, y declarada Bien de Inter\u00e9s Cultural de la Naci\u00f3n, nos reunimos el 17 de Abril de 2.010, la comunidad, los damnificados directos por el impacto ambiental, Veedores Ciudadanos, el Comit\u00e9 Regional de Defensa Ambiental, ingenieros ambientales, ge\u00f3logos, profesionales de otras disciplinas y miembros de otras organizaciones sociales, para analizar los estragos ecol\u00f3gicos y socio-econ\u00f3micos ocasionados por la explotaci\u00f3n del mineral puzolana por la multinacional cementera HOLCIM, con sede en el municipio de Nobsa.<\/p>\n","protected":false},"author":2,"featured_media":61,"comment_status":"open","ping_status":"closed","sticky":false,"template":"","format":"standard","meta":{"footnotes":"","jetpack_publicize_message":"","jetpack_publicize_feature_enabled":true,"jetpack_social_post_already_shared":true,"jetpack_social_options":{"image_generator_settings":{"template":"highway","default_image_id":0,"font":"","enabled":false},"version":2}},"categories":[13],"tags":[],"class_list":["post-63","post","type-post","status-publish","format-standard","has-post-thumbnail","hentry","category-minero-energetico"],"jetpack_publicize_connections":[],"jetpack_featured_media_url":"https:\/\/cedins.org\/wp-content\/uploads\/2010\/04\/mineria3.jpg","_links":{"self":[{"href":"https:\/\/cedins.org\/index.php\/wp-json\/wp\/v2\/posts\/63","targetHints":{"allow":["GET"]}}],"collection":[{"href":"https:\/\/cedins.org\/index.php\/wp-json\/wp\/v2\/posts"}],"about":[{"href":"https:\/\/cedins.org\/index.php\/wp-json\/wp\/v2\/types\/post"}],"author":[{"embeddable":true,"href":"https:\/\/cedins.org\/index.php\/wp-json\/wp\/v2\/users\/2"}],"replies":[{"embeddable":true,"href":"https:\/\/cedins.org\/index.php\/wp-json\/wp\/v2\/comments?post=63"}],"version-history":[{"count":0,"href":"https:\/\/cedins.org\/index.php\/wp-json\/wp\/v2\/posts\/63\/revisions"}],"wp:featuredmedia":[{"embeddable":true,"href":"https:\/\/cedins.org\/index.php\/wp-json\/wp\/v2\/media\/61"}],"wp:attachment":[{"href":"https:\/\/cedins.org\/index.php\/wp-json\/wp\/v2\/media?parent=63"}],"wp:term":[{"taxonomy":"category","embeddable":true,"href":"https:\/\/cedins.org\/index.php\/wp-json\/wp\/v2\/categories?post=63"},{"taxonomy":"post_tag","embeddable":true,"href":"https:\/\/cedins.org\/index.php\/wp-json\/wp\/v2\/tags?post=63"}],"curies":[{"name":"wp","href":"https:\/\/api.w.org\/{rel}","templated":true}]}}