{"id":618,"date":"2016-12-11T00:44:04","date_gmt":"2016-12-11T00:44:04","guid":{"rendered":"https:\/\/cedins.org\/wordpress\/index.php\/2016\/12\/11\/declaracion-de-la-cumbre-agraria-nuestra-lucha-es-por-la-vida-y-la-paz\/"},"modified":"2016-12-11T00:44:04","modified_gmt":"2016-12-11T00:44:04","slug":"declaracion-de-la-cumbre-agraria-nuestra-lucha-es-por-la-vida-y-la-paz","status":"publish","type":"post","link":"https:\/\/cedins.org\/index.php\/2016\/12\/11\/declaracion-de-la-cumbre-agraria-nuestra-lucha-es-por-la-vida-y-la-paz\/","title":{"rendered":"Declaraci\u00f3n de la Cumbre Agraria: nuestra lucha es por la vida y la paz"},"content":{"rendered":"<p style=\"text-align: justify;\"><img fetchpriority=\"high\" decoding=\"async\" class=\" alignleft size-full wp-image-617\" src=\"https:\/\/cedins.org\/wordpress\/wp-content\/uploads\/2016\/12\/cumbre.jpg\" border=\"0\" style=\"margin: 3px; float: left;\" width=\"400\" height=\"300\" srcset=\"https:\/\/cedins.org\/wp-content\/uploads\/2016\/12\/cumbre.jpg 400w, https:\/\/cedins.org\/wp-content\/uploads\/2016\/12\/cumbre-300x225.jpg 300w\" sizes=\"(max-width: 400px) 100vw, 400px\" \/>Hombres y mujeres venidos de diversos territorios del pa\u00eds, nos encontramos en la ciudad de Bogot\u00e1, D.C, entre el 7 y 10 de diciembre de 2016, para recoger los que hemos sembrado durante m\u00e1s de dos a\u00f1os de existencia como Cumbre Agraria, Campesina, \u00c9tnica y Popular y, un a\u00f1o de encuentros territoriales en las Cumbres de Paz.<\/p>\n<p style=\"text-align: justify;\">Venimos sembrando con la esperanza de una Colombia en Paz para el Buen Vivir de los pueblos. Nuestras semillas son las experiencias, proyectos de vida y resistencia comunitaria que hemos sostenido y defendido a pesar de la tempestad de una larga guerra, la cual estamos decididos\/as a cambiar, no solo como v\u00edctimas del conflicto social y armado, sino adem\u00e1s y fundamentalmente, como constructores de paz en los territorios y en tal sentido, hemos manifestado nuestro apoyo a la b\u00fasqueda dialogada de paz entre los grupos insurgentes y el gobierno colombiano.<\/p>\n<p>Nos reafirmamos en que la Cumbre Agraria, Campesina, \u00c9tnica y Popular es un espacio de confluencia, articulaci\u00f3n, coordinaci\u00f3n y, de reconciliaci\u00f3n de conflictos de diversos procesos en pro de la unidad. Igualmente, reconociendo la importancia que tiene la Cumbre consideramos que debemos proyectarnos como movimiento popular.<\/p>\n<p>Por los alcances de nuestras construcciones y propuestas pol\u00edticas de pa\u00eds, nos ratificamos en que nuestras luchas trascienden la negociaci\u00f3n con el Gobierno. Nuestro acuerdo pol\u00edtico contin\u00faa siendo el pliego de exigencias. As\u00ed mismo, seguimos promoviendo la unidad popular y por ello, continuamos tejiendo alianzas con otros sectores y organizaciones tanto nacionales como internacionales. <\/p>\n<p>Bajo esta l\u00f3gica, planteamos que la Cumbre se abra a otros procesos que tengan un claro referente en lo campesino, \u00e9tnico y popular, se identifiquen con los contenidos del pliego de exigencias, sean procesos nacionales, cuenten con amplia base social que aporte en la movilizaci\u00f3n y est\u00e9n dispuestos a construir en unidad y respeto. <\/p>\n<p>Nuestra m\u00e1xima instancia de decisi\u00f3n es la Asamblea Nacional de la Cumbre, que define la ruta de movilizaci\u00f3n y la agenda de la misma. \u00c9sta tendr\u00e1 como antesala la realizaci\u00f3n de espacios regionales.<\/p>\n<p>Reconocemos que las Cumbres regionales, sectoriales y \u00e9sta Cumbre Nacional de paz, han sido insumo fundamental para fortalecer el Pliego \u00danico Nacional y en esta medida han dado la base de la construcci\u00f3n de la Agenda Com\u00fan de Paz, como una herramienta que posibilita la consolidaci\u00f3n y fortalecimiento interno de la Cumbre, as\u00ed como la lucha contra el sistema econ\u00f3mico imperante que impone la opresi\u00f3n y explotaci\u00f3n de la clase popular.<\/p>\n<p>En este sentido ratificamos el contenido de la Agenda Com\u00fan de Paz, propuesta por la CACEP as\u00ed como su estructura, definida por elementos de programa &#8211; construcciones propias &#8211; pliego de exigencias, acciones e interrogantes, que permiten diferenciar los distintos alcances que corresponden tanto a los sue\u00f1os y aspiraciones de las comunidades agrarias, sus necesidades y desaf\u00edos, as\u00ed como, a acciones puntuales y concretas que orientar\u00e1n el accionar de la CACEP en el corto, mediano y largo plazo.<\/p>\n<p>Esta agenda para ser realidad, debe tener un asiento y validaci\u00f3n territorial respetando las autonom\u00edas de las comunidades, reconociendo que son las regiones las que generaran las experiencias organizativas de unidad, para enfrentar las problem\u00e1ticas y conflictos de orden pol\u00edtico \u2013 econ\u00f3mico \u2013 social \u2013 cultural.<\/p>\n<p>Como parte de la materializaci\u00f3n de la agenda se hace necesario avanzar en la soluci\u00f3n de nuestros conflictos a nivel regional y nacional. As\u00ed mismo, la agenda de paz de cumbre se configura como la herramienta pol\u00edtica y acuerdo de voluntades de las organizaciones para participar en diferentes escenarios como: Mesa Social para la Paz, Cabildos, Consejos Territoriales Populares, Comisi\u00f3n \u00c9tnica para la Paz y la Defensa del Territorio, Constituyentes, Coordinaci\u00f3n \u00c9tnica Nacional de Paz, Gran Di\u00e1logo Nacional, Implementaci\u00f3n de los acuerdos de la Habana y los que espacios que se generen en el marco de los di\u00e1logos con el ELN.<\/p>\n<p>Consideramos el principio de respeto y el mutuo reconocimiento entre nuestras distintas organizaciones como la base para la resoluci\u00f3n de conflictos territoriales, teniendo como finalidad la unidad de los procesos de reordenamiento del territorio propios. Resguardos ind\u00edgenas, territorios ancestrales; Territorios colectivos afrocolombianos; Zonas de Reserva Campesina; Territorios Campesinos Agroalimentarios; Zonas de biodiversidad; Territorios inter\u00e9tnicos e interculturales deben seguir siendo espacios de construcci\u00f3n de desarrollo propio frente a las figuras de ordenamiento territorial que el modelo neoliberal de extracci\u00f3n impone.<\/p>\n<p>Mandatamos la creaci\u00f3n de escenarios locales y regionales de diagn\u00f3stico y resoluci\u00f3n de conflictos, apoyados por pactos de convivencia en los territorios y entre organizaciones, mesas jur\u00eddicas y otros espacios de confluencia y acuerdo, teniendo en cuenta las distintas experiencias de convivencia que se viven en la actualidad entre campesinos, ind\u00edgenas y afros as\u00ed como, las experiencias de resoluci\u00f3n de conflictos del pasado, esto se debe dar con la presencia de grupos de acompa\u00f1amiento nacional y con la financiaci\u00f3n derivada de los acuerdos de la cumbre con el gobierno.<\/p>\n<p>Los territorios inter\u00e9tnicos e interculturales son una propuesta de paz para el pa\u00eds, y la base para la construcci\u00f3n de un reordenamiento territorial desde las bases de los movimientos y organizaciones de la Cumbre Agraria, para el fortalecimiento y la implementaci\u00f3n de nuestros modelos de econom\u00eda propia y la garant\u00eda de la soberan\u00eda alimentaria y la permanencia en los territorios.<\/p>\n<p>En el actual momento de expectativa que vive el pa\u00eds con el fin del conflicto armado con las FARC-EP afirmamos nuestra voluntad de la participaci\u00f3n activa en la construcci\u00f3n de paz con justicia social y ambiental y exigimos no se dilate la implementaci\u00f3n de los acuerdos de la Habana. As\u00ed mismo, hacemos un llamado al gobierno nacional y al ELN a seguir avanzando en su agenda de negociaci\u00f3n donde esperamos llevar nuestras propuestas. De igual manera, consideramos fundamental que se den acercamientos entre el Estado Colombiano y el EPL.<\/p>\n<p>Para la Cumbre es fundamental seguir asumiendo la exigencia de la defensa y garant\u00eda\u00a0 a los derechos humanos, sociales y ambientales. Rechazamos el doble discurso del gobierno nacional, con su demagogia de la paz, mientras en la realidad se recrudece la criminalizaci\u00f3n, persecuci\u00f3n y exterminio de l\u00edderes y lideresas sociales, que deja por saldo 94 asesinatos, 5 desapariciones forzadas, 46 atentados y 302 amenazas en lo que va corrido del a\u00f1o 2016.<\/p>\n<p style=\"text-align: justify;\">En este sentido, reiteramos la exigencia de la puesta en marcha del protocolo para el tratamiento de la protesta social, las misiones de verificaci\u00f3n, la implementaci\u00f3n del subcomit\u00e9 de alternatividad penal y el fortalecimiento de los programas de protecci\u00f3n existentes, como la construcci\u00f3n del programa de protecci\u00f3n especial para comunidades campesinas.<\/p>\n<p>Reconocemos que la comunicaci\u00f3n y la educaci\u00f3n deben apuntar a la resoluci\u00f3n de los conflictos interculturales por la v\u00eda del di\u00e1logo, posibilitando el encuentro y reconocimiento de todos los pueblos, organizaciones e identidades y la descolonizaci\u00f3n y despatriarcalizaci\u00f3n de todos nuestros procesos y territorios. <\/p>\n<p>Por ello mandatamos la construcci\u00f3n de equipos pedag\u00f3gicos que hagan formaci\u00f3n en los territorios a partir de un ejercicio de educaci\u00f3n popular que fortalezca la apropiaci\u00f3n\u00a0 del pliego unitario de la Cumbre agraria; que cree capacidades de incidencia en la educaci\u00f3n formal b\u00e1sica, media y superior; y en el mediano plazo, en la formulaci\u00f3n, ejecuci\u00f3n y evaluaci\u00f3n del Plan nacional de educaci\u00f3n rural.<\/p>\n<p>Nos comprometemos a aunar esfuerzos desde la comunicaci\u00f3n, la pedagog\u00eda y la cultura para la construcci\u00f3n de autonom\u00eda y poder popular, para la armonizaci\u00f3n de la madre tierra, la vida digna para todos y todas las colombianas. <\/p>\n<p>Para la Cumbre Agraria, la movilizaci\u00f3n social ha sido y seguir\u00e1 siendo la m\u00e1xima expresi\u00f3n de lucha popular, por ello, manifestamos que en 2017 continuaremos nuestra din\u00e1mica de movilizaci\u00f3n, que ser\u00e1n definidas y concertadas ampliamente, que nos permita avanzar en nuestras aspiraciones de paz, con justicia social para la vida digna, la pervivencia de los pueblos y los territorios.<\/p>\n<p>Bogot\u00e1, D.C., 10 de diciembre de 2016.<\/p>\n<p>Comisi\u00f3n Pol\u00edtica<\/p>\n<p>Cumbre Agraria: Campesina, \u00c9tnica y Popular<\/p>\n<p>\u201cSembrando dignidad, labrando esperanza y cosechando pa\u00eds\u201d<\/p>\n<p>Organizaci\u00f3n Nacional Ind\u00edgena de Colombia, ONIC &#8211; Congreso de los Pueblos &#8211; Movimiento Pol\u00edtico y Social Marcha Patri\u00f3tica &#8211; Coordinador Nacional Agrario, CNA &#8211; Mesa Nacional de Interlocuci\u00f3n y Acuerdo, MIA &#8211; Coalici\u00f3n de Movimientos y Organizaciones Sociales de Colombia, COMOSOC &#8211; Proceso de Comunidades Negras, PCN &#8211; Federaci\u00f3n Nacional Sindical Unitaria Agropecuaria, FENSUAGRO &#8211; Mesa de Unidad Agraria, MUA &#8211; Asociaci\u00f3n Nacional de Zonas de Reserva Campesina, ANZORC &#8211; Movimiento por la Constituyente Popular, MCP &#8211; Asociaci\u00f3n Campesina y Popular, ASOCAMPO &#8211; Asociaci\u00f3n Nacional Agraria Campesina, ASONALCAM.<\/p>\n","protected":false},"excerpt":{"rendered":"<p style=\"text-align: justify;\"><img decoding=\"async\" class=\" alignleft size-full wp-image-617\" src=\"https:\/\/cedins.rf.gd\/wordpress\/wp-content\/uploads\/2016\/12\/cumbre.jpg\" border=\"0\" style=\"margin: 3px; float: left;\" width=\"400\" height=\"300\" srcset=\"https:\/\/cedins.org\/wp-content\/uploads\/2016\/12\/cumbre.jpg 400w, https:\/\/cedins.org\/wp-content\/uploads\/2016\/12\/cumbre-300x225.jpg 300w\" sizes=\"(max-width: 400px) 100vw, 400px\" \/>Hombres y mujeres venidos de diversos territorios del pa\u00eds, nos encontramos en la ciudad de Bogot\u00e1, D.C, entre el 7 y 10 de diciembre de 2016, para recoger los que hemos sembrado durante m\u00e1s de dos a\u00f1os de existencia como Cumbre Agraria, Campesina, \u00c9tnica y Popular y, un a\u00f1o de encuentros territoriales en las Cumbres de Paz.<\/p>\n","protected":false},"author":3,"featured_media":617,"comment_status":"open","ping_status":"closed","sticky":false,"template":"","format":"standard","meta":{"footnotes":"","jetpack_publicize_message":"","jetpack_publicize_feature_enabled":true,"jetpack_social_post_already_shared":true,"jetpack_social_options":{"image_generator_settings":{"template":"highway","default_image_id":0,"font":"","enabled":false},"version":2}},"categories":[14],"tags":[41,166,43,457,113,351,456],"class_list":["post-618","post","type-post","status-publish","format-standard","has-post-thumbnail","hentry","category-tierras-y-territorios","tag-cedins","tag-cna","tag-colombia","tag-comision-politica","tag-congreso-de-los-pueblos","tag-cumbre-agraria","tag-declaracion"],"jetpack_publicize_connections":[],"jetpack_featured_media_url":"https:\/\/cedins.org\/wp-content\/uploads\/2016\/12\/cumbre.jpg","_links":{"self":[{"href":"https:\/\/cedins.org\/index.php\/wp-json\/wp\/v2\/posts\/618","targetHints":{"allow":["GET"]}}],"collection":[{"href":"https:\/\/cedins.org\/index.php\/wp-json\/wp\/v2\/posts"}],"about":[{"href":"https:\/\/cedins.org\/index.php\/wp-json\/wp\/v2\/types\/post"}],"author":[{"embeddable":true,"href":"https:\/\/cedins.org\/index.php\/wp-json\/wp\/v2\/users\/3"}],"replies":[{"embeddable":true,"href":"https:\/\/cedins.org\/index.php\/wp-json\/wp\/v2\/comments?post=618"}],"version-history":[{"count":0,"href":"https:\/\/cedins.org\/index.php\/wp-json\/wp\/v2\/posts\/618\/revisions"}],"wp:featuredmedia":[{"embeddable":true,"href":"https:\/\/cedins.org\/index.php\/wp-json\/wp\/v2\/media\/617"}],"wp:attachment":[{"href":"https:\/\/cedins.org\/index.php\/wp-json\/wp\/v2\/media?parent=618"}],"wp:term":[{"taxonomy":"category","embeddable":true,"href":"https:\/\/cedins.org\/index.php\/wp-json\/wp\/v2\/categories?post=618"},{"taxonomy":"post_tag","embeddable":true,"href":"https:\/\/cedins.org\/index.php\/wp-json\/wp\/v2\/tags?post=618"}],"curies":[{"name":"wp","href":"https:\/\/api.w.org\/{rel}","templated":true}]}}