{"id":547,"date":"2015-09-30T23:14:26","date_gmt":"2015-09-30T23:14:26","guid":{"rendered":"https:\/\/cedins.org\/wordpress\/index.php\/2015\/09\/30\/patriarcalismo-y-neoliberalismo-precarizan-a-las-mujeres-en-colombia\/"},"modified":"2015-09-30T23:14:26","modified_gmt":"2015-09-30T23:14:26","slug":"patriarcalismo-y-neoliberalismo-precarizan-a-las-mujeres-en-colombia","status":"publish","type":"post","link":"https:\/\/cedins.org\/index.php\/2015\/09\/30\/patriarcalismo-y-neoliberalismo-precarizan-a-las-mujeres-en-colombia\/","title":{"rendered":"Patriarcalismo y neoliberalismo, precarizan a las mujeres en Colombia"},"content":{"rendered":"<p style=\"text-align: justify;\"><img fetchpriority=\"high\" decoding=\"async\" class=\" alignleft size-full wp-image-546\" src=\"https:\/\/cedins.org\/wordpress\/wp-content\/uploads\/2015\/09\/cost.jpg\" border=\"0\" width=\"366\" height=\"276\" style=\"margin: 3px; border: 1px solid black; float: left;\" srcset=\"https:\/\/cedins.org\/wp-content\/uploads\/2015\/09\/cost.jpg 400w, https:\/\/cedins.org\/wp-content\/uploads\/2015\/09\/cost-300x226.jpg 300w\" sizes=\"(max-width: 366px) 100vw, 366px\" \/>Por:<strong> Adriana De Le\u00f3n<\/strong><\/p>\n<p style=\"text-align: justify;\">Las mujeres han estado presentes desde siempre en diversas actividades que\u00a0 aportan al desarrollo econ\u00f3mico de los pa\u00edses y al sostenimiento de las familias. Sin embargo, a pesar de hacer parte de este desde siempre, la sociedad y el Estado, enmarcados en una construcci\u00f3n social de estereotipos de g\u00e9nero y relaciones de poder, no han reconocido sus labores como actividades de producci\u00f3n y bienestar, dando un lugar secundario al trabajo femenino. <\/p>\n<p>El presente art\u00edculo tiene como objetivo evidenciar, de manera breve, desigualdades hist\u00f3ricas y el impacto de la situaci\u00f3n a la que se enfrentan hoy las mujeres trabajadoras en el contexto laboral colombiano.<\/p>\n<p><a href=\"index.php\/materiales-pdf\/doc_download\/96-patriarcalismo-y-neoliberalismo-precarizan-a-las-mujeres-en-colombia\"><span style=\"text-decoration: underline;\"><strong>Descargar documento<\/strong><\/span><\/a><\/p>\n","protected":false},"excerpt":{"rendered":"<p>Por: Adriana De Le\u00f3n Las mujeres han estado presentes desde siempre en diversas actividades que\u00a0 aportan al desarrollo econ\u00f3mico de los pa\u00edses y al sostenimiento de las familias. Sin embargo, a pesar de hacer parte de este desde siempre, la sociedad y el Estado, enmarcados en una construcci\u00f3n social de estereotipos de g\u00e9nero y relaciones [&hellip;]<\/p>\n","protected":false},"author":3,"featured_media":546,"comment_status":"open","ping_status":"closed","sticky":false,"template":"","format":"standard","meta":{"footnotes":"","jetpack_publicize_message":"","jetpack_publicize_feature_enabled":true,"jetpack_social_post_already_shared":true,"jetpack_social_options":{"image_generator_settings":{"template":"highway","default_image_id":0,"font":"","enabled":false},"version":2}},"categories":[4],"tags":[41,43,404,209,337],"class_list":["post-547","post","type-post","status-publish","format-standard","has-post-thumbnail","hentry","category-sindical","tag-cedins","tag-colombia","tag-mujeres","tag-neoliberalismo","tag-precarizacion"],"jetpack_publicize_connections":[],"jetpack_featured_media_url":"https:\/\/cedins.org\/wp-content\/uploads\/2015\/09\/cost.jpg","_links":{"self":[{"href":"https:\/\/cedins.org\/index.php\/wp-json\/wp\/v2\/posts\/547","targetHints":{"allow":["GET"]}}],"collection":[{"href":"https:\/\/cedins.org\/index.php\/wp-json\/wp\/v2\/posts"}],"about":[{"href":"https:\/\/cedins.org\/index.php\/wp-json\/wp\/v2\/types\/post"}],"author":[{"embeddable":true,"href":"https:\/\/cedins.org\/index.php\/wp-json\/wp\/v2\/users\/3"}],"replies":[{"embeddable":true,"href":"https:\/\/cedins.org\/index.php\/wp-json\/wp\/v2\/comments?post=547"}],"version-history":[{"count":0,"href":"https:\/\/cedins.org\/index.php\/wp-json\/wp\/v2\/posts\/547\/revisions"}],"wp:featuredmedia":[{"embeddable":true,"href":"https:\/\/cedins.org\/index.php\/wp-json\/wp\/v2\/media\/546"}],"wp:attachment":[{"href":"https:\/\/cedins.org\/index.php\/wp-json\/wp\/v2\/media?parent=547"}],"wp:term":[{"taxonomy":"category","embeddable":true,"href":"https:\/\/cedins.org\/index.php\/wp-json\/wp\/v2\/categories?post=547"},{"taxonomy":"post_tag","embeddable":true,"href":"https:\/\/cedins.org\/index.php\/wp-json\/wp\/v2\/tags?post=547"}],"curies":[{"name":"wp","href":"https:\/\/api.w.org\/{rel}","templated":true}]}}