{"id":543,"date":"2015-08-11T02:46:38","date_gmt":"2015-08-11T02:46:38","guid":{"rendered":"https:\/\/cedins.org\/wordpress\/index.php\/2015\/08\/11\/la-feria-del-despojo\/"},"modified":"2015-08-11T02:46:38","modified_gmt":"2015-08-11T02:46:38","slug":"la-feria-del-despojo","status":"publish","type":"post","link":"https:\/\/cedins.org\/index.php\/2015\/08\/11\/la-feria-del-despojo\/","title":{"rendered":"La feria del despojo"},"content":{"rendered":"<p style=\"text-align: justify;\"><img fetchpriority=\"high\" decoding=\"async\" class=\" alignleft size-full wp-image-542\" src=\"https:\/\/cedins.org\/wordpress\/wp-content\/uploads\/2015\/08\/agro.jpg\" border=\"0\" style=\"margin: 4px; float: left;\" width=\"366\" height=\"203\" srcset=\"https:\/\/cedins.org\/wp-content\/uploads\/2015\/08\/agro.jpg 366w, https:\/\/cedins.org\/wp-content\/uploads\/2015\/08\/agro-300x166.jpg 300w\" sizes=\"(max-width: 366px) 100vw, 366px\" \/>Por Freddy D\u00edaz &#8211; Equipo de Tierras CEDINS<\/p>\n<p>Desde el 9 de Julio hasta el 20 del mismo mes, se llev\u00f3 a cabo en la sede de Corferias, Agroexpo, que de acuerdo a su sitio web es \u201cel certamen del sector agropecuario m\u00e1s importante de Colombia, Centroam\u00e9rica y el Caribe y uno de los m\u00e1s representativos en Latinoam\u00e9rica\u201d(1), y de acuerdo a este mismo portal, el evento que \u201cimpulsa la industria agropecuaria de Colombia hacia el mundo\u201d<\/p>\n<p style=\"text-align: justify;\">En este encuentro de los inversionistas rurales se presentaron nuevas herramientas, insumos, tecnolog\u00edas y ejemplares animales de diferentes partes del pa\u00eds, adem\u00e1s de las entidades estatales del sector agrario como el Ministerio de Agricultura, el ICA, la UPRA entre otras, con el fin de posicionar las pol\u00edticas gubernamentales para el sector; a este despliegue se sumaron delegaciones de Espa\u00f1a, Francia, Italia, Argentina, Nueva Zelanda, India, China, Estados Unidos, Brasil, Turqu\u00eda, Canad\u00e1 (2); todo esto para fortalecer espacios comerciales.<\/p>\n<p>La feria se realiza bajo la premisa del desarrollo y fortalecimiento del campo para que sea una de las bases del crecimiento econ\u00f3mico del pa\u00eds, pero como ha sido recurrente de unos a\u00f1os para ac\u00e1, sin tener en cuenta y desconociendo al campesinado y concibiendo el campo como un territorio socialmente vaciable(3). <\/p>\n<p><strong>Campo sin campesinos<\/strong><\/p>\n<p>El hecho de que en Agroexpo los campesinos de mulera y carriel, los campesinos de ruana y botas no tengan espacio, no s\u00f3lo responde a l\u00f3gicas estatales hist\u00f3ricas, sino que evidencia que hay fuertes intereses econ\u00f3micos de por medio; es el Estado al servicio de intereses corporativos y sus pol\u00edticas nada favorables para el campesinado. <\/p>\n<p>Quienes s\u00ed tienen cabida es el sector agroindustrial y entidades del sector financiero, combinaci\u00f3n que produce un coctel de desposesi\u00f3n y acumulaci\u00f3n de tierras y capital; se observa de manera clara en la relaci\u00f3n commodities-especulaci\u00f3n financiera o en la asociatividad propuesta por el gobierno, bajo el discurso de que es la \u00fanica oportunidad para que el campesinado progrese y se desarrolle ya que, seg\u00fan ellos, la econom\u00eda campesina no genera altos rendimientos.<\/p>\n<p>La feria ratifica lo ya escrito en el Plan Nacional de Desarrollo: que el campesino se debe volver rentista cediendo su tierra para la producci\u00f3n de commodities, sabiendo que, si el negocio fracasa, la tierrita se puede perder, porque con ella es que entran a la sociedad. <\/p>\n<p><strong>Menos recursos para el campo<\/strong><\/p>\n<p>Mientras que las expectativas de negocio en Agroexpo son de veinte millones de d\u00f3lares(4), -de los cuales poco o nada gotea para el campesino-, el Congreso de la Rep\u00fablica advirti\u00f3 que para el pr\u00f3ximo a\u00f1o los recursos que se destinar\u00e1n para el agro se reducir\u00e1n en un 50% con respecto a este a\u00f1o; se pasar\u00e1 de 3.4 billones a 1.4 billones (5). \u00a0<\/p>\n<p>De esta manera el sector que m\u00e1s ha sufrido los embates de la guerra contar\u00e1 con menos recursos en el a\u00f1o en que -bajo presi\u00f3n o no- se espera se firme el acuerdo entre las Farc \u2013 Ep y el gobierno. <\/p>\n<p>As\u00ed que bajo la \u201clegislatura de la paz\u201d, esta no llegar\u00e1 a las regiones. El hecho de que Agroexpo fuera un espacio concurrido por familias enteras, donde se da la oportunidad de ver animales, semillas y herramientas y estar un \u201cpaso m\u00e1s cerca del campo\u201d, no implica que se apoye al campesinado.<\/p>\n<p>A los campesinos s\u00ed hay que rodearlos y apoyarlos, pero desde su concepci\u00f3n de comunidad y sus formas de producci\u00f3n, apoyando su cultura y su visi\u00f3n de naturaleza. Hay casos estudiados y probados donde la econom\u00eda campesina permite generar m\u00e1s ganancias que el modelo agroindustrial(6), lo que demuestra que s\u00ed es posible una producci\u00f3n que no devore el ambiente y que a su vez respete las l\u00f3gicas campesinas.<\/p>\n<p>El fortalecimiento del agro debe darse desde una apuesta clara para que el campo contin\u00fae siendo la despensa de alimentos del pa\u00eds y no como una fuente inagotable de materia primas, pero adem\u00e1s pasa por reconocer a los campesinos como sujetos de derechos y darles los espacios que con golpes de azad\u00f3n se han ganado en el pa\u00eds.<\/p>\n<p>Notas:<\/p>\n<p>(1):www.agroexpo.com <br \/>(2):Arranca Agroexpo, muestra del campo en Corferias, Portafolio. Julo 8 de 2015<br \/>(3):La Disputa por el Desarrollo: Territorios, Movimientos de Car\u00e1cter ocio-Ambiental y Discursos Dominantes. Masristella Svampa. <br \/>(4):Arranca Agroexpo 2015. El Espectador. (2 de Julio de 2015)<br \/>(5):Advierten reducci\u00f3n de presupuesto para sector agr\u00edcola en 2016. El Espectador. (17 de Julio de 2015)<br \/>(6):La Viabilidad de la Agricultura en Familiar en la Altillanura Colombiana. An\u00e1lisis de su Eficiencia Econ\u00f3mica-Productiva y su Din\u00e1mica Ecosist\u00e9mica en Comunidades de Puerto L\u00f3pez. Universidad Javeriana, Universidad de\u00a0 Los Llanos, CRECE, OXFAM. 2015.<\/p>\n","protected":false},"excerpt":{"rendered":"<p style=\"text-align: justify;\"><img decoding=\"async\" class=\" alignleft size-full wp-image-542\" src=\"https:\/\/cedins.rf.gd\/wordpress\/wp-content\/uploads\/2015\/08\/agro.jpg\" border=\"0\" style=\"margin: 4px; float: left;\" width=\"366\" height=\"203\" srcset=\"https:\/\/cedins.org\/wp-content\/uploads\/2015\/08\/agro.jpg 366w, https:\/\/cedins.org\/wp-content\/uploads\/2015\/08\/agro-300x166.jpg 300w\" sizes=\"(max-width: 366px) 100vw, 366px\" \/>Por Freddy D\u00edaz &#8211; Equipo de Tierras CEDINS<\/p>\n<p>Desde el 9 de Julio hasta el 20 del mismo mes, se llev\u00f3 a cabo en la sede de Corferias, Agroexpo, que de acuerdo a su sitio web es \u201cel certamen del sector agropecuario m\u00e1s importante de Colombia, Centroam\u00e9rica y el Caribe y uno de los m\u00e1s representativos en Latinoam\u00e9rica\u201d(1), y de acuerdo a este mismo portal, el evento que \u201cimpulsa la industria agropecuaria de Colombia hacia el mundo\u201d<\/p>\n","protected":false},"author":3,"featured_media":542,"comment_status":"open","ping_status":"closed","sticky":false,"template":"","format":"standard","meta":{"footnotes":"","jetpack_publicize_message":"","jetpack_publicize_feature_enabled":true,"jetpack_social_post_already_shared":true,"jetpack_social_options":{"image_generator_settings":{"template":"highway","default_image_id":0,"font":"","enabled":false},"version":2}},"categories":[14],"tags":[],"class_list":["post-543","post","type-post","status-publish","format-standard","has-post-thumbnail","hentry","category-tierras-y-territorios"],"jetpack_publicize_connections":[],"jetpack_featured_media_url":"https:\/\/cedins.org\/wp-content\/uploads\/2015\/08\/agro.jpg","_links":{"self":[{"href":"https:\/\/cedins.org\/index.php\/wp-json\/wp\/v2\/posts\/543","targetHints":{"allow":["GET"]}}],"collection":[{"href":"https:\/\/cedins.org\/index.php\/wp-json\/wp\/v2\/posts"}],"about":[{"href":"https:\/\/cedins.org\/index.php\/wp-json\/wp\/v2\/types\/post"}],"author":[{"embeddable":true,"href":"https:\/\/cedins.org\/index.php\/wp-json\/wp\/v2\/users\/3"}],"replies":[{"embeddable":true,"href":"https:\/\/cedins.org\/index.php\/wp-json\/wp\/v2\/comments?post=543"}],"version-history":[{"count":0,"href":"https:\/\/cedins.org\/index.php\/wp-json\/wp\/v2\/posts\/543\/revisions"}],"wp:featuredmedia":[{"embeddable":true,"href":"https:\/\/cedins.org\/index.php\/wp-json\/wp\/v2\/media\/542"}],"wp:attachment":[{"href":"https:\/\/cedins.org\/index.php\/wp-json\/wp\/v2\/media?parent=543"}],"wp:term":[{"taxonomy":"category","embeddable":true,"href":"https:\/\/cedins.org\/index.php\/wp-json\/wp\/v2\/categories?post=543"},{"taxonomy":"post_tag","embeddable":true,"href":"https:\/\/cedins.org\/index.php\/wp-json\/wp\/v2\/tags?post=543"}],"curies":[{"name":"wp","href":"https:\/\/api.w.org\/{rel}","templated":true}]}}