{"id":442,"date":"2014-03-18T17:59:00","date_gmt":"2014-03-18T17:59:00","guid":{"rendered":"https:\/\/cedins.org\/wordpress\/index.php\/2014\/03\/18\/declaracion-politica-cumbre-agraria-sembrando-dignidad-labrando-esperanza-y-cosechando-pais\/"},"modified":"2014-03-18T17:59:00","modified_gmt":"2014-03-18T17:59:00","slug":"declaracion-politica-cumbre-agraria-sembrando-dignidad-labrando-esperanza-y-cosechando-pais","status":"publish","type":"post","link":"https:\/\/cedins.org\/index.php\/2014\/03\/18\/declaracion-politica-cumbre-agraria-sembrando-dignidad-labrando-esperanza-y-cosechando-pais\/","title":{"rendered":"Declaraci\u00f3n Pol\u00edtica Cumbre Agraria:\u201cSembrando dignidad, labrando esperanza y cosechando pa\u00eds\u201d"},"content":{"rendered":"<p style=\"text-align: right;\"><em><strong><img fetchpriority=\"high\" decoding=\"async\" class=\" size-full wp-image-441\" src=\"https:\/\/cedins.org\/wordpress\/wp-content\/uploads\/2014\/03\/e01c680610662a216174be46edfa5c97.jpg\" border=\"0\" style=\"display: block; margin-left: auto; margin-right: auto; border: 2px solid black;\" width=\"560\" height=\"373\" srcset=\"https:\/\/cedins.org\/wp-content\/uploads\/2014\/03\/e01c680610662a216174be46edfa5c97.jpg 560w, https:\/\/cedins.org\/wp-content\/uploads\/2014\/03\/e01c680610662a216174be46edfa5c97-300x200.jpg 300w\" sizes=\"(max-width: 560px) 100vw, 560px\" \/><\/strong><\/em><\/p>\n<p style=\"text-align: right;\"><em><strong>BOGOT\u00c1, MARZO 16 DE 2014<\/strong><\/em> <\/p>\n<p style=\"text-align: justify;\">Por convocatoria de la Mesa de Interlocuci\u00f3n Agraria &#8211; MIA, la Marcha Patri\u00f3tica, el Coordinador Nacional Agrario &#8211; CNA, el Congreso de los Pueblos, el Proceso de Comunidades Negras &#8211; PCN, la Mesa de Unidad Agraria &#8211; MUA, la Coalici\u00f3n de Movimientos y Organizaciones Sociales de Colombia &#8211; COMOSOC, la Organizaci\u00f3n Nacional Ind\u00edgena de Colombia &#8211; ONIC, el Movimiento por la Constituyente Popular &#8211; MCP, Federaci\u00f3n Nacional Sindical Unitaria Agropecuaria, FENSUAGRO, Asociaci\u00f3n nacional de Zonas de Reserva Campesina \u2013 ANZORC y Asociaci\u00f3n Campesina Popular- se realiz\u00f3 en la ciudad de Bogot\u00e1, del 15 al 17 de marzo, la Cumbra Agraria: campesina, \u00e9tnica y popular. La Cumbre reuni\u00f3 a 30 mil personas provenientes de todas las regiones del pa\u00eds.<\/p>\n<p style=\"text-align: justify;\">La Cumbre es un proceso que ha venido construy\u00e9ndose a partir de los paros agrarios e ind\u00edgenas del 2013, movilizaciones que cobraron la vida de 19 compa\u00f1eros, otros 600 resultaron heridos y decenas fueron detenidos y encarcelados. El gobierno nacional se sent\u00f3 a concertar una serie de pliegos y acuerdos en mesas de interlocuci\u00f3n y negociaci\u00f3n. La Cumbre nace porque despu\u00e9s de esta \u201crebeli\u00f3n de las ruanas, los ponchos y bastones\u201d que suscit\u00f3 el m\u00e1s amplio respaldo nacional e internacional, el presidente Santos convoc\u00f3 a un Pacto Agrario con las \u00e9lites agroindustriales y gremiales del campo, excluyendo con esto al movimiento agrario de las definiciones y medidas a adoptar en materia de pol\u00edtica agraria nacional.<br \/>\u00a0 <br \/>La Cumbre realiz\u00f3 un balance del incumplimiento del gobierno nacional ante los compromisos adquiridos, los pliegos y acuerdos firmados; avanz\u00f3 en el proceso de unidad del movimiento agrario en Colombia y desde \u00e9ste; defini\u00f3 una ruta unificada de la movilizaci\u00f3n y mecanismos para una negociaci\u00f3n articulada y unitaria. La Cumbre defini\u00f3 los caminos para enfrentar conjuntamente las nefastas pol\u00edticas neoliberales aplicadas por los gobiernos de turno y a sembrar dignidad, labrar esperanza y cosechar un nuevo pa\u00eds desde las iniciativas de las organizaciones campesinas, ind\u00edgenas y afrodescendientes.<br \/>\u00a0 <br \/>La Cumbre considera que mediante un ejercicio de soberan\u00eda, debemos ser los pueblos y las comunidades quienes ordenemos el territorio, definamos sus usos y las distintas maneras de habitarlo. Este ordenamiento territorial popular debe armonizar la conservaci\u00f3n del medio ambiente con el aprovechamiento que de \u00e9l hagan, las comunidades agrarias para su pervivencia.<\/p>\n<p>Nuestras propuestas territoriales exigen el respeto de las figuras colectivas de gobierno propio y la defensa de los territorios de las comunidades campesinas, ind\u00edgenas y afrocolombianas.<\/p>\n<p>La reforma agraria integral sigue siendo para nosotros la soluci\u00f3n estructural para los problemas de acceso a la tierra, formalizaci\u00f3n de la propiedad y desarrollo rural, con inversi\u00f3n social y pol\u00edticas p\u00fablicas.<\/p>\n<p>En este prop\u00f3sito es preciso detener el modelo extractivista que concentra la propiedad de la tierra, la entrega a empresas multinacionales, acaba con la econom\u00eda campesina y destruye la vida.<\/p>\n<p>La Cumbre propone un modelo econ\u00f3mico que garantice la pervivencia de los pueblos a trav\u00e9s del fortalecimiento de las econom\u00edas campesinas, ind\u00edgena, afrodescendientes y de los sectores populares. La autonom\u00eda territorial es un factor determinante en la construcci\u00f3n de una pol\u00edtica econ\u00f3mica y de producci\u00f3n de alimentos soberana. Para tal fin se debe derogar la normatividad que permite el monopolio transnacional sobre las semillas y el conocimiento ancestral.<\/p>\n<p>El acceso a la riqueza minero-energ\u00e9tica conlleva al respeto por los bienes de la madre tierra, su explotaci\u00f3n debe ser una decisi\u00f3n consultada a las comunidades y desarrollada como ejercicio de soberan\u00eda nacional.<\/p>\n<p>El plantearnos una alternativa a los cultivos de coca, amapola y marihuana, nos llama a rechazar el prohibicionismo que admite tratamientos represivos, las fumigaciones indiscriminadas, la erradicaci\u00f3n forzada y el encarcelamiento de los cultivadores como soluci\u00f3n. Entendemos el reconocimiento de su uso tradicional, ancestral y los usos alternativos. Proponemos programas de sustituci\u00f3n aut\u00f3noma, gradual y concertada, el impulso a los cultivos alternativos con garant\u00edas de comercializaci\u00f3n.<\/p>\n<p>Para el pueblo colombiano es imperativo conocer la verdad, complementarla con mecanismos de justicia y reparaci\u00f3n; la memoria hist\u00f3rica es un aporte importante para avanzar hacia la no repetici\u00f3n.<\/p>\n<p>Las garant\u00edas pol\u00edticas incluyen la no criminalizaci\u00f3n y judicializaci\u00f3n de la protesta social, el desmonte del fuero penal militar. Se debe permitir la participaci\u00f3n amplia, efectiva y con car\u00e1cter decisorio en las instancias de planeaci\u00f3n y definici\u00f3n de la pol\u00edticas de producci\u00f3n agropecuaria y de desarrollo rural, teniendo en cuenta las propuestas\u00a0 construidas por las comunidades de manera aut\u00f3noma.<br \/>\u00a0 <br \/>Los pueblos tenemos derecho a la vida digna y a que se nos garanticen las condiciones materiales necesarias. Se debe apropiar un presupuesto especial para garantizar la financiaci\u00f3n de las iniciativas territoriales, con mecanismos aut\u00f3nomos de ejecuci\u00f3n.<\/p>\n<p>El Estado debe reconocer que muchas de las problem\u00e1ticas que viven las ciudades son una consecuencia de la aplicaci\u00f3n de modelos econ\u00f3micos y de despojo en el sector rural.<\/p>\n<p>El impulso a las econom\u00edas agrarias y populares tiene un soporte importante en el apoyo que reciba de los grandes centros poblados, es necesario adelantar pactos entre las grandes capitales y los municipios que le aportan los alimentos de la canasta familiar.<\/p>\n<p>La soluci\u00f3n pol\u00edtica al conflicto social y armado sigue siendo un anhelo de la sociedad en la b\u00fasqueda de la paz con justicia social, por esa raz\u00f3n es fundamental y urgente, que se inicie un proceso de di\u00e1logo con las insurgencias del ELN y el EPL. Respaldamos los di\u00e1logos de La Habana entre el gobierno y las FARC. Resaltamos el papel que debemos jugar las organizaciones y procesos como movimiento social con voz propia. Los di\u00e1logos regionales son una herramienta importante para avanzar en la construcci\u00f3n de la agenda social y pol\u00edtica por la paz. La Cumbre Agraria asume el impulso a un gran movimiento social que trabaje por la paz como condiciones de vida y exija garant\u00edas para la participaci\u00f3n de la sociedad.<\/p>\n<p>La Cumbre Agraria logr\u00f3, por primera vez en la historia de los movimientos sociales del pa\u00eds, construir un pliego unitario de las organizaciones campesinas, ind\u00edgenas y afrocolombianas. El pliego unitario representa las exigencias pol\u00edticas, econ\u00f3micas, sociales, ambientales, culturales y territoriales de comunidades hist\u00f3ricamente marginadas y excluidas, es un llamado de atenci\u00f3n al gobierno nacional sobre la urgencia de atender estructuralmente a un mundo rural que reclama ser sujeto de derechos. La Cumbre propone tambi\u00e9n una mesa \u00fanica de negociaci\u00f3n, un escenario que permita cualificar el nivel de interlocuci\u00f3n, evitar la dilaci\u00f3n y dispersi\u00f3n gubernamental y lograr acuerdos ejecutables en el corto y mediano plazo. La unidad alcanzada hoy es tambi\u00e9n la unidad de acci\u00f3n, contamos ahora con una ruta de movilizaci\u00f3n social que haga exigibles y alcanzables los derechos negados. La Cumbre y sus propuestas son una apuesta definitiva por el logro de la paz. Una paz, que para ser estable y duradera requiere de ser construida desde abajo,\u00a0 con nosotros y nosotras, una paz socialmente incluyente, basada en la verdad, la justicia, la efectiva participaci\u00f3n pol\u00edtica y la vigencia plena de los derechos humanos en los campos de Colombia.<\/p>\n<p>La Cumbre es parte transitoria de un proceso constituyente caminado de la mano de la Minga ind\u00edgena, los congresos de los pueblos, consejos territoriales del pueblo, los procesos constituyentes por la paz con justicia social, los mecanismos de participaci\u00f3n directa y la autonom\u00eda que a diario ejercen las comunidades del campo y la ciudad que reclaman ser reconocidas. El acuerdo pol\u00edtico y social que edifique la paz deber\u00e1 ser la parte culminante de este proceso constituyente. La posibilidad de un proceso de asamblea nacional constituyente est\u00e1 en el horizonte de reflexi\u00f3n de la sociedad colombiana en su conjunto. Estamos construyendo una ruta propia desde el movimiento popular para llegar a este momento. El camino hacia la paz, requiere, mientras tanto, de un decidido y vigoroso movimiento social por la paz, al cual convocamos a todos los sectores pol\u00edticos y sociales del pa\u00eds. La paz incluyente no se construye con \u201cacuerdos de \u00e9lites y corbatas\u201d que desconocen a los de poncho, a los de ruana, a los de azad\u00f3n y machete, a los sujetos pol\u00edticos y sociales del campo y sus propuestas.<\/p>\n<p>Ante el reiterado incumplimiento del gobierno nacional frente a la palabra y los compromisos adquiridos para levantar el paro agrario del a\u00f1o pasado, la decisi\u00f3n de la Cumbre Agraria: Campesina, \u00c9tnica y Popular es la de volver al paro nacional agrario, cuya hora cero depender\u00e1 de la respuesta gubernamental. La Cumbre extiende un plazo al gobierno hasta la primera semana de mayo.\u00a0 A partir de este momento la Cumbre bajar\u00e1 a los resguardos ind\u00edgenas y a las veredas de los territorios afros y campesinos, a las barriadas y organizaciones sociales de las ciudades, a los sindicatos, a organizar los comit\u00e9s de paro y a convocar a todos los sectores sociales y populares en conflicto para acordar una din\u00e1mica coordinada en perspectiva de bloque popular.<\/p>\n<p>Las propuestas del gobierno no son soluciones. El Pacto Agrario es una repartija m\u00e1s de recursos p\u00fablicos con fines clientelares y electoreros. El gobierno nacional tiene la oportunidad hist\u00f3rica de solucionar la crisis estructural del campo a partir de nuestras propuestas recogidas en el pliego unitario, creemos en el di\u00e1logo social como la ruta para alcanzar la justicia social y la anhelada paz estable y duradera para Colombia. Nuestras propuestas est\u00e1n sobre la mesa, le queda la responsabilidad hist\u00f3rica al gobierno de atenderlas.<\/p>\n","protected":false},"excerpt":{"rendered":"<p style=\"text-align: right;\"><em><strong><img decoding=\"async\" class=\" size-full wp-image-441\" src=\"https:\/\/cedins.rf.gd\/wordpress\/wp-content\/uploads\/2014\/03\/e01c680610662a216174be46edfa5c97.jpg\" border=\"0\" style=\"display: block; margin-left: auto; margin-right: auto; border: 2px solid black;\" width=\"560\" height=\"373\" srcset=\"https:\/\/cedins.org\/wp-content\/uploads\/2014\/03\/e01c680610662a216174be46edfa5c97.jpg 560w, https:\/\/cedins.org\/wp-content\/uploads\/2014\/03\/e01c680610662a216174be46edfa5c97-300x200.jpg 300w\" sizes=\"(max-width: 560px) 100vw, 560px\" \/><\/strong><\/em><\/p>\n<p style=\"text-align: right;\"><em><strong>BOGOT\u00c1, MARZO 16 DE 2014<\/strong><\/em> <\/p>\n<p style=\"text-align: justify;\">Por convocatoria de la Mesa de Interlocuci\u00f3n Agraria &#8211; MIA, la Marcha Patri\u00f3tica, el Coordinador Nacional Agrario &#8211; CNA, el Congreso de los Pueblos, el Proceso de Comunidades Negras &#8211; PCN, la Mesa de Unidad Agraria &#8211; MUA, la Coalici\u00f3n de Movimientos y Organizaciones Sociales de Colombia &#8211; COMOSOC, la Organizaci\u00f3n Nacional Ind\u00edgena de Colombia &#8211; ONIC, el Movimiento por la Constituyente Popular &#8211; MCP, Federaci\u00f3n Nacional Sindical Unitaria Agropecuaria, FENSUAGRO, Asociaci\u00f3n nacional de Zonas de Reserva Campesina \u2013 ANZORC y Asociaci\u00f3n Campesina Popular- se realiz\u00f3 en la ciudad de Bogot\u00e1, del 15 al 17 de marzo, la Cumbra Agraria: campesina, \u00e9tnica y popular. La Cumbre reuni\u00f3 a 30 mil personas provenientes de todas las regiones del pa\u00eds.<\/p>\n","protected":false},"author":1,"featured_media":441,"comment_status":"open","ping_status":"closed","sticky":false,"template":"","format":"standard","meta":{"footnotes":"","jetpack_publicize_message":"","jetpack_publicize_feature_enabled":true,"jetpack_social_post_already_shared":true,"jetpack_social_options":{"image_generator_settings":{"template":"highway","default_image_id":0,"font":"","enabled":false},"version":2}},"categories":[14],"tags":[],"class_list":["post-442","post","type-post","status-publish","format-standard","has-post-thumbnail","hentry","category-tierras-y-territorios"],"jetpack_publicize_connections":[],"jetpack_featured_media_url":"https:\/\/cedins.org\/wp-content\/uploads\/2014\/03\/e01c680610662a216174be46edfa5c97.jpg","_links":{"self":[{"href":"https:\/\/cedins.org\/index.php\/wp-json\/wp\/v2\/posts\/442","targetHints":{"allow":["GET"]}}],"collection":[{"href":"https:\/\/cedins.org\/index.php\/wp-json\/wp\/v2\/posts"}],"about":[{"href":"https:\/\/cedins.org\/index.php\/wp-json\/wp\/v2\/types\/post"}],"author":[{"embeddable":true,"href":"https:\/\/cedins.org\/index.php\/wp-json\/wp\/v2\/users\/1"}],"replies":[{"embeddable":true,"href":"https:\/\/cedins.org\/index.php\/wp-json\/wp\/v2\/comments?post=442"}],"version-history":[{"count":0,"href":"https:\/\/cedins.org\/index.php\/wp-json\/wp\/v2\/posts\/442\/revisions"}],"wp:featuredmedia":[{"embeddable":true,"href":"https:\/\/cedins.org\/index.php\/wp-json\/wp\/v2\/media\/441"}],"wp:attachment":[{"href":"https:\/\/cedins.org\/index.php\/wp-json\/wp\/v2\/media?parent=442"}],"wp:term":[{"taxonomy":"category","embeddable":true,"href":"https:\/\/cedins.org\/index.php\/wp-json\/wp\/v2\/categories?post=442"},{"taxonomy":"post_tag","embeddable":true,"href":"https:\/\/cedins.org\/index.php\/wp-json\/wp\/v2\/tags?post=442"}],"curies":[{"name":"wp","href":"https:\/\/api.w.org\/{rel}","templated":true}]}}