{"id":400,"date":"2013-10-08T15:09:44","date_gmt":"2013-10-08T15:09:44","guid":{"rendered":"https:\/\/cedins.org\/wordpress\/index.php\/2013\/10\/08\/evo-nacionalizo-las-empresas-de-electricidad\/"},"modified":"2013-10-08T15:09:44","modified_gmt":"2013-10-08T15:09:44","slug":"evo-nacionalizo-las-empresas-de-electricidad","status":"publish","type":"post","link":"https:\/\/cedins.org\/index.php\/2013\/10\/08\/evo-nacionalizo-las-empresas-de-electricidad\/","title":{"rendered":"Evo nacionaliz\u00f3 las empresas de electricidad"},"content":{"rendered":"<p style=\"text-align: justify;\"><span><img fetchpriority=\"high\" decoding=\"async\" class=\" alignleft size-full wp-image-399\" src=\"https:\/\/cedins.org\/wordpress\/wp-content\/uploads\/2013\/10\/Morales_20060113_02.jpg\" border=\"0\" width=\"240\" height=\"300\" style=\"float: left; margin: 2px; border: 2px solid black;\" srcset=\"https:\/\/cedins.org\/wp-content\/uploads\/2013\/10\/Morales_20060113_02.jpg 1049w, https:\/\/cedins.org\/wp-content\/uploads\/2013\/10\/Morales_20060113_02-240x300.jpg 240w, https:\/\/cedins.org\/wp-content\/uploads\/2013\/10\/Morales_20060113_02-768x960.jpg 768w, https:\/\/cedins.org\/wp-content\/uploads\/2013\/10\/Morales_20060113_02-819x1024.jpg 819w\" sizes=\"(max-width: 240px) 100vw, 240px\" \/>&#8220;Los servicios b\u00e1sicos no pueden ser de negocio privado, sino de servicio p\u00fablico (&#8230;); hoy nacionalizamos Corani, Guaracachi, como tambi\u00e9n Valle Hermoso y Elfec&#8221;, dijo el presidente Evo Morales Ayma durante su discurso tras la firma de los decretos.<\/span><\/p>\n<p style=\"text-align: justify;\"><span><strong>Descargar:\u00a0<\/strong><a class=\"doclink\" href=\"index.php?option=com_docman&amp;task=doc_download&amp;gid=66&amp;Itemid=172\">Evo nacionaliz\u00f3 las empresas de electricidad<\/a><\/span><\/p>\n","protected":false},"excerpt":{"rendered":"<p>&#8220;Los servicios b\u00e1sicos no pueden ser de negocio privado, sino de servicio p\u00fablico (&#8230;); hoy nacionalizamos Corani, Guaracachi, como tambi\u00e9n Valle Hermoso y Elfec&#8221;, dijo el presidente Evo Morales Ayma durante su discurso tras la firma de los decretos. Descargar:\u00a0Evo nacionaliz\u00f3 las empresas de electricidad<\/p>\n","protected":false},"author":3,"featured_media":399,"comment_status":"open","ping_status":"closed","sticky":false,"template":"","format":"standard","meta":{"footnotes":"","jetpack_publicize_message":"","jetpack_publicize_feature_enabled":true,"jetpack_social_post_already_shared":true,"jetpack_social_options":{"image_generator_settings":{"template":"highway","default_image_id":0,"font":"","enabled":false},"version":2}},"categories":[13],"tags":[],"class_list":["post-400","post","type-post","status-publish","format-standard","has-post-thumbnail","hentry","category-minero-energetico"],"jetpack_publicize_connections":[],"jetpack_featured_media_url":"https:\/\/cedins.org\/wp-content\/uploads\/2013\/10\/Morales_20060113_02.jpg","_links":{"self":[{"href":"https:\/\/cedins.org\/index.php\/wp-json\/wp\/v2\/posts\/400","targetHints":{"allow":["GET"]}}],"collection":[{"href":"https:\/\/cedins.org\/index.php\/wp-json\/wp\/v2\/posts"}],"about":[{"href":"https:\/\/cedins.org\/index.php\/wp-json\/wp\/v2\/types\/post"}],"author":[{"embeddable":true,"href":"https:\/\/cedins.org\/index.php\/wp-json\/wp\/v2\/users\/3"}],"replies":[{"embeddable":true,"href":"https:\/\/cedins.org\/index.php\/wp-json\/wp\/v2\/comments?post=400"}],"version-history":[{"count":0,"href":"https:\/\/cedins.org\/index.php\/wp-json\/wp\/v2\/posts\/400\/revisions"}],"wp:featuredmedia":[{"embeddable":true,"href":"https:\/\/cedins.org\/index.php\/wp-json\/wp\/v2\/media\/399"}],"wp:attachment":[{"href":"https:\/\/cedins.org\/index.php\/wp-json\/wp\/v2\/media?parent=400"}],"wp:term":[{"taxonomy":"category","embeddable":true,"href":"https:\/\/cedins.org\/index.php\/wp-json\/wp\/v2\/categories?post=400"},{"taxonomy":"post_tag","embeddable":true,"href":"https:\/\/cedins.org\/index.php\/wp-json\/wp\/v2\/tags?post=400"}],"curies":[{"name":"wp","href":"https:\/\/api.w.org\/{rel}","templated":true}]}}