{"id":3964,"date":"2020-09-07T01:36:20","date_gmt":"2020-09-07T01:36:20","guid":{"rendered":"https:\/\/cedins.org\/?p=3964"},"modified":"2020-09-07T01:36:27","modified_gmt":"2020-09-07T01:36:27","slug":"radio-explotacion-y-sobrecarga-laboral-en-el-magisterio","status":"publish","type":"post","link":"https:\/\/cedins.org\/index.php\/2020\/09\/07\/radio-explotacion-y-sobrecarga-laboral-en-el-magisterio\/","title":{"rendered":"(Radio) Explotaci\u00f3n y sobrecarga laboral en el magisterio."},"content":{"rendered":"\n<div class=\"wp-block-image\"><figure class=\"aligncenter size-large is-resized\"><img fetchpriority=\"high\" decoding=\"async\" src=\"https:\/\/cedins.org\/wp-content\/uploads\/2020\/09\/funamaweb.jpg\" alt=\"\" class=\"wp-image-3968\" width=\"451\" height=\"248\" srcset=\"https:\/\/cedins.org\/wp-content\/uploads\/2020\/09\/funamaweb.jpg 567w, https:\/\/cedins.org\/wp-content\/uploads\/2020\/09\/funamaweb-300x165.jpg 300w\" sizes=\"(max-width: 451px) 100vw, 451px\" \/><\/figure><\/div>\n\n\n\n<p><span style=\"color:#020506\" class=\"has-inline-color\">Venga le digo es un programa radial de la Fuerza Nacional Magisterial &#8211; Funama. En esta ocasi\u00f3n se analizan las condiciones de sobre explotaci\u00f3n que padecen las y los profes en el pa\u00eds, en el contexto de la pandemia. <\/span><\/p>\n\n\n\n<figure class=\"wp-block-embed-youtube wp-block-embed is-type-video is-provider-youtube wp-embed-aspect-16-9 wp-has-aspect-ratio\"><div class=\"wp-block-embed__wrapper\">\n<iframe title=\"S.O.S Explotaci\u00f3n y sobre Carga laboral en el Magisterio || Sala de Profes 1 sep 20 || Venga le Digo\" width=\"800\" height=\"450\" src=\"https:\/\/www.youtube.com\/embed\/KLhxC8qBU6A?feature=oembed\" frameborder=\"0\" allow=\"accelerometer; autoplay; clipboard-write; encrypted-media; gyroscope; picture-in-picture; web-share\" referrerpolicy=\"strict-origin-when-cross-origin\" allowfullscreen><\/iframe>\n<\/div><\/figure>\n\n\n\n<p><\/p>\n","protected":false},"excerpt":{"rendered":"<p>Venga le digo es un programa radial de la Fuerza Nacional Magisterial &#8211; Funama. En esta ocasi\u00f3n se analizan las condiciones de sobre explotaci\u00f3n que padecen las y los profes en el pa\u00eds, en el contexto de la pandemia.<\/p>\n","protected":false},"author":1,"featured_media":3968,"comment_status":"open","ping_status":"closed","sticky":false,"template":"","format":"standard","meta":{"footnotes":"","jetpack_publicize_message":"","jetpack_publicize_feature_enabled":true,"jetpack_social_post_already_shared":true,"jetpack_social_options":{"image_generator_settings":{"template":"highway","default_image_id":0,"font":"","enabled":false},"version":2}},"categories":[515,4],"tags":[43,696,697,614],"class_list":["post-3964","post","type-post","status-publish","format-standard","has-post-thumbnail","hentry","category-radio","category-sindical","tag-colombia","tag-explotacion-laboral","tag-magisterio","tag-pandemia"],"jetpack_publicize_connections":[],"jetpack_featured_media_url":"https:\/\/cedins.org\/wp-content\/uploads\/2020\/09\/funamaweb.jpg","_links":{"self":[{"href":"https:\/\/cedins.org\/index.php\/wp-json\/wp\/v2\/posts\/3964","targetHints":{"allow":["GET"]}}],"collection":[{"href":"https:\/\/cedins.org\/index.php\/wp-json\/wp\/v2\/posts"}],"about":[{"href":"https:\/\/cedins.org\/index.php\/wp-json\/wp\/v2\/types\/post"}],"author":[{"embeddable":true,"href":"https:\/\/cedins.org\/index.php\/wp-json\/wp\/v2\/users\/1"}],"replies":[{"embeddable":true,"href":"https:\/\/cedins.org\/index.php\/wp-json\/wp\/v2\/comments?post=3964"}],"version-history":[{"count":4,"href":"https:\/\/cedins.org\/index.php\/wp-json\/wp\/v2\/posts\/3964\/revisions"}],"predecessor-version":[{"id":3970,"href":"https:\/\/cedins.org\/index.php\/wp-json\/wp\/v2\/posts\/3964\/revisions\/3970"}],"wp:featuredmedia":[{"embeddable":true,"href":"https:\/\/cedins.org\/index.php\/wp-json\/wp\/v2\/media\/3968"}],"wp:attachment":[{"href":"https:\/\/cedins.org\/index.php\/wp-json\/wp\/v2\/media?parent=3964"}],"wp:term":[{"taxonomy":"category","embeddable":true,"href":"https:\/\/cedins.org\/index.php\/wp-json\/wp\/v2\/categories?post=3964"},{"taxonomy":"post_tag","embeddable":true,"href":"https:\/\/cedins.org\/index.php\/wp-json\/wp\/v2\/tags?post=3964"}],"curies":[{"name":"wp","href":"https:\/\/api.w.org\/{rel}","templated":true}]}}