{"id":3744,"date":"2020-08-03T14:15:02","date_gmt":"2020-08-03T14:15:02","guid":{"rendered":"https:\/\/cedins.org\/?p=3744"},"modified":"2020-08-06T13:14:38","modified_gmt":"2020-08-06T13:14:38","slug":"boletin-de-conflictos-territoriales-no-5-julio-de-2020","status":"publish","type":"post","link":"https:\/\/cedins.org\/index.php\/2020\/08\/03\/boletin-de-conflictos-territoriales-no-5-julio-de-2020\/","title":{"rendered":"Bolet\u00edn de Conflictos Territoriales No.5 &#8211; Julio de 2020"},"content":{"rendered":"\n<div class=\"wp-block-image\"><figure class=\"aligncenter size-large\"><img fetchpriority=\"high\" decoding=\"async\" width=\"750\" height=\"330\" src=\"https:\/\/cedins.org\/wp-content\/uploads\/2020\/08\/575af0fcbaba6.jpeg\" alt=\"\" class=\"wp-image-3749\" srcset=\"https:\/\/cedins.org\/wp-content\/uploads\/2020\/08\/575af0fcbaba6.jpeg 750w, https:\/\/cedins.org\/wp-content\/uploads\/2020\/08\/575af0fcbaba6-300x132.jpeg 300w\" sizes=\"(max-width: 750px) 100vw, 750px\" \/><figcaption>Foto: Justiciaypazcolombia.com<\/figcaption><\/figure><\/div>\n\n\n\n<p><span style=\"color:#040506\" class=\"has-inline-color\">Compartimos con Ustedes el Bolet\u00edn sobre conflictos territoriales correspondiente al mes de julio de 2020.<\/span><\/p>\n\n\n\n<p><strong>En este n\u00famero:<\/strong><\/p>\n\n\n\n<p><span style=\"color:#02080a\" class=\"has-inline-color\">An\u00e1lisis de las din\u00e1micas de movilizaci\u00f3n social, conflicto armado, acuerdos de paz e iniciativas, Estado y pol\u00edtica y ordenamiento territorial.<\/span><\/p>\n\n\n\n<p><span style=\"color:#070a0b\" class=\"has-inline-color\">En este n\u00famero, hemos realizado una panor\u00e1mica de la situaci\u00f3n de las regiones en el contexto de la llamada guerra contra las drogas, y espec\u00edficamente de los conflictos generados por la pol\u00edtica de erradicaci\u00f3n forzada de cultivos de uso il\u00edcito.<\/span><\/p>\n\n\n\n<p><span style=\"color:#050708\" class=\"has-inline-color\">Tambi\u00e9n encontrar\u00e1 las voces y perspectivas desde organizaciones campesinas regionales, frente al tema de cultivos de uso il\u00edcito y los conflictos en los territorios.<\/span><\/p>\n\n\n\n<p>Leer y\/o <a rel=\"noreferrer noopener\" href=\"https:\/\/cedins.org\/wp-content\/uploads\/2020\/08\/Bolet\u00edn-5-julio-2020-2.pdf\" target=\"_blank\">Descargar<\/a><\/p>\n\n\n<a href=\"https:\/\/cedins.org\/wp-content\/uploads\/2020\/08\/Bolet\u00edn-5-julio-2020-2.pdf\" class=\"pdfemb-viewer\" style=\"\" data-width=\"max\" data-height=\"max\" data-toolbar=\"bottom\" data-toolbar-fixed=\"off\">Bolet\u00edn-5-julio-2020-2<\/a>\n<p class=\"wp-block-pdfemb-pdf-embedder-viewer\"><\/p>\n","protected":false},"excerpt":{"rendered":"<p>Compartimos con Ustedes el Bolet\u00edn sobre conflictos territoriales correspondiente al mes de julio de 2020. En este n\u00famero: An\u00e1lisis de las din\u00e1micas de movilizaci\u00f3n social, conflicto armado, acuerdos de paz e iniciativas, Estado y pol\u00edtica y ordenamiento territorial. En este n\u00famero, hemos realizado una panor\u00e1mica de la situaci\u00f3n de las regiones en el contexto de [&hellip;]<\/p>\n","protected":false},"author":1,"featured_media":3749,"comment_status":"open","ping_status":"closed","sticky":false,"template":"","format":"standard","meta":{"footnotes":"","jetpack_publicize_message":"","jetpack_publicize_feature_enabled":true,"jetpack_social_post_already_shared":true,"jetpack_social_options":{"image_generator_settings":{"template":"highway","default_image_id":0,"font":"","enabled":false},"version":2}},"categories":[14],"tags":[684,410,109,43,263,620,683],"class_list":["post-3744","post","type-post","status-publish","format-standard","has-post-thumbnail","hentry","category-tierras-y-territorios","tag-antioquia","tag-catatumbo","tag-cauca","tag-colombia","tag-conflictos-territoriales","tag-cultivos-de-uso-ilicito","tag-erradicacion-forzada"],"jetpack_publicize_connections":[],"jetpack_featured_media_url":"https:\/\/cedins.org\/wp-content\/uploads\/2020\/08\/575af0fcbaba6.jpeg","_links":{"self":[{"href":"https:\/\/cedins.org\/index.php\/wp-json\/wp\/v2\/posts\/3744","targetHints":{"allow":["GET"]}}],"collection":[{"href":"https:\/\/cedins.org\/index.php\/wp-json\/wp\/v2\/posts"}],"about":[{"href":"https:\/\/cedins.org\/index.php\/wp-json\/wp\/v2\/types\/post"}],"author":[{"embeddable":true,"href":"https:\/\/cedins.org\/index.php\/wp-json\/wp\/v2\/users\/1"}],"replies":[{"embeddable":true,"href":"https:\/\/cedins.org\/index.php\/wp-json\/wp\/v2\/comments?post=3744"}],"version-history":[{"count":11,"href":"https:\/\/cedins.org\/index.php\/wp-json\/wp\/v2\/posts\/3744\/revisions"}],"predecessor-version":[{"id":3780,"href":"https:\/\/cedins.org\/index.php\/wp-json\/wp\/v2\/posts\/3744\/revisions\/3780"}],"wp:featuredmedia":[{"embeddable":true,"href":"https:\/\/cedins.org\/index.php\/wp-json\/wp\/v2\/media\/3749"}],"wp:attachment":[{"href":"https:\/\/cedins.org\/index.php\/wp-json\/wp\/v2\/media?parent=3744"}],"wp:term":[{"taxonomy":"category","embeddable":true,"href":"https:\/\/cedins.org\/index.php\/wp-json\/wp\/v2\/categories?post=3744"},{"taxonomy":"post_tag","embeddable":true,"href":"https:\/\/cedins.org\/index.php\/wp-json\/wp\/v2\/tags?post=3744"}],"curies":[{"name":"wp","href":"https:\/\/api.w.org\/{rel}","templated":true}]}}