{"id":364,"date":"2013-08-15T19:32:10","date_gmt":"2013-08-15T19:32:10","guid":{"rendered":"https:\/\/cedins.org\/wordpress\/index.php\/2013\/08\/15\/el-despojo-y-el-orden-social-en-colombia\/"},"modified":"2013-08-15T19:32:10","modified_gmt":"2013-08-15T19:32:10","slug":"el-despojo-y-el-orden-social-en-colombia","status":"publish","type":"post","link":"https:\/\/cedins.org\/index.php\/2013\/08\/15\/el-despojo-y-el-orden-social-en-colombia\/","title":{"rendered":"El despojo y el orden social en Colombia"},"content":{"rendered":"<p style=\"text-align: justify;\"><img fetchpriority=\"high\" decoding=\"async\" class=\" alignleft size-full wp-image-363\" src=\"https:\/\/cedins.org\/wordpress\/wp-content\/uploads\/2013\/08\/militarizacion.jpg\" border=\"0\" alt=\"militarizaci\u00f3n de las regiones\" width=\"400\" height=\"262\" style=\"float: left; margin: 2px; border: 2px solid black;\" \/>A prop\u00f3sito del Juicio \u00c9tico que se inicia ma\u00f1ana debemos recordar que el despojo ha marcado la historia de la sociedad colombiana a tal grado que el robo de recursos ha sido un mecanismo primordial de regulaci\u00f3n de la econom\u00eda y la sociedad. La colonizaci\u00f3n espa\u00f1ola fue un gran proyecto de despojo y tras la independencia el despoj\u00f3 no se detuvo, simplemente se transform\u00f3, enalteciendo a la gran hacienda como la base del poder pol\u00edtico y militar.<\/p>\n<p style=\"text-align: justify;\">A finales del siglo XIX, la colonizaci\u00f3n de los territorios nacionales y la evangelizaci\u00f3n de los ind\u00edgenas que all\u00ed habitaban marcaron otra etapa de desposesi\u00f3n para los pueblos de esas regiones. El robo del canal de Panam\u00e1, las plantaciones de la United Fruit o los enclaves de la Tropical Oil Company, marcaron una nueva era marcada por la entrada del capital for\u00e1neo que combin\u00f3 la explotaci\u00f3n intensiva de los trabajadores, con la violencia y la persecuci\u00f3n al naciente movimiento sindical para facilitar el abusivo aprovechamiento de los recursos naturales de la naci\u00f3n para el enriquecimiento de extranjeros.\u00a0\u00a0\u00a0\u00a0\u00a0 <\/p>\n<p>En la segunda mitad del siglo XX, especialmente en las \u00faltimas d\u00e9cadas, el desplazamiento forzado reorganiz\u00f3 el territorio y la disposici\u00f3n de la propiedad de la tierra afectando, principalmente, a las familias campesinas, y a las comunidades ind\u00edgenas y afrodescendientes. La principal causa del desplazamiento ha sido el despojo de tierras, favoreciendo la expansi\u00f3n de proyectos agroindustriales, el desarrollo de planes minero-energ\u00e9ticos y el control del suelo para el narcotr\u00e1fico. El desplazamiento no ha sido un da\u00f1o colateral del conflicto, sino un objetivo principalmente del paramilitarismo, y de los empresarios del campo legales e ilegales que han impulsado el modelo de la \u201cacumulaci\u00f3n por desposesi\u00f3n\u201d a gran escala.\u00a0 <\/p>\n<p>El car\u00e1cter colonial de la econom\u00eda colombiana encaj\u00f3 con el establecimiento de una democracia restringida donde aquello que no controla el clientelismo se reprime con el terrorismo de Estado. A partir de los a\u00f1os 80 esta tendencia, lejos de revertirse, se profundiz\u00f3 con la apertura econ\u00f3mica y la entrada en vigor del neoliberalismo. Esta regulaci\u00f3n econ\u00f3mica se ha reconfigurado con la promoci\u00f3n de las actividades extractivas que han abierto oportunidades para los inversionistas for\u00e1neos que buscan inversiones seguras en miner\u00eda, agronegocios, hidrocarburos y otros bienes de la naturaleza para paliar el vaiv\u00e9n de la econom\u00eda capitalista en crisis, y para controlar recursos estrat\u00e9gicos en un contexto de crisis energ\u00e9tica y crisis ambiental evidenciada con el cambio clim\u00e1tico.\u00a0\u00a0\u00a0\u00a0\u00a0\u00a0\u00a0\u00a0\u00a0 <\/p>\n<p>El crecimiento de la inversi\u00f3n extranjera en Colombia tiende a enfocarse en el sector rural, pero su prop\u00f3sito no es solo el obtener ganancias en las regiones, adem\u00e1s busca convertir en mercanc\u00edas a los territorios y a los ecosistemas. La cuesti\u00f3n no radica simplemente en ganar dinero explotando los territorios, tambi\u00e9n se buscan nuevas alternativas de inversi\u00f3n convirtiendo en mercanc\u00edas los bienes comunes de los pueblos o poni\u00e9ndole un precio a aquellos recursos que no deber\u00edan ser comprados o vendidos. <\/p>\n<p>Las recientes denuncias en torno a las empresas Riopaila Castilla, el grupo Merhav de Israel, M\u00f3nica Semillas y empresas petroleras y mineras que han violado la ley para apropiarse de decenas de miles de hect\u00e1reas, son una expresi\u00f3n de esta nueva etapa de despojo que est\u00e1 dispuesta a vulnerar la propia legislaci\u00f3n de los Estados para controlar amplias franjas de territorio y sus recursos.\u00a0\u00a0\u00a0 <\/p>\n<p>Nuestra \u00e9poca est\u00e1 marcada por la combinaci\u00f3n de tres tipos de despojo: El despojo violento que le arrebata sus tierras a las comunidades se combina con el despojo de los derechos de los trabajadores y con la privatizaci\u00f3n de los bienes comunes y naturales. <\/p>\n<p>La combinaci\u00f3n de todas las formas de despojo marca la manera como se organiza buena parte de la econom\u00eda y la sociedad, no es una falla del sistema actual, sino la base de su configuraci\u00f3n.<\/p>\n","protected":false},"excerpt":{"rendered":"<p style=\"text-align: justify;\"><img decoding=\"async\" class=\" alignleft size-full wp-image-363\" src=\"https:\/\/cedins.rf.gd\/wordpress\/wp-content\/uploads\/2013\/08\/militarizacion.jpg\" border=\"0\" alt=\"militarizaci\u00f3n de las regiones\" width=\"400\" height=\"262\" style=\"float: left; margin: 2px; border: 2px solid black;\" \/>A prop\u00f3sito del Juicio \u00c9tico que se inicia ma\u00f1ana debemos recordar que el despojo ha marcado la historia de la sociedad colombiana a tal grado que el robo de recursos ha sido un mecanismo primordial de regulaci\u00f3n de la econom\u00eda y la sociedad. La colonizaci\u00f3n espa\u00f1ola fue un gran proyecto de despojo y tras la independencia el despoj\u00f3 no se detuvo, simplemente se transform\u00f3, enalteciendo a la gran hacienda como la base del poder pol\u00edtico y militar.<\/p>\n","protected":false},"author":3,"featured_media":363,"comment_status":"open","ping_status":"closed","sticky":false,"template":"","format":"standard","meta":{"footnotes":"","jetpack_publicize_message":"","jetpack_publicize_feature_enabled":true,"jetpack_social_post_already_shared":true,"jetpack_social_options":{"image_generator_settings":{"template":"highway","default_image_id":0,"font":"","enabled":false},"version":2}},"categories":[14],"tags":[299,41,43,300,85,86],"class_list":["post-364","post","type-post","status-publish","format-standard","has-post-thumbnail","hentry","category-tierras-y-territorios","tag-acumulacion-por-desposesion","tag-cedins","tag-colombia","tag-conflicto-agrario","tag-despojo","tag-tierras"],"jetpack_publicize_connections":[],"jetpack_featured_media_url":"https:\/\/cedins.org\/wp-content\/uploads\/2013\/08\/militarizacion.jpg","_links":{"self":[{"href":"https:\/\/cedins.org\/index.php\/wp-json\/wp\/v2\/posts\/364","targetHints":{"allow":["GET"]}}],"collection":[{"href":"https:\/\/cedins.org\/index.php\/wp-json\/wp\/v2\/posts"}],"about":[{"href":"https:\/\/cedins.org\/index.php\/wp-json\/wp\/v2\/types\/post"}],"author":[{"embeddable":true,"href":"https:\/\/cedins.org\/index.php\/wp-json\/wp\/v2\/users\/3"}],"replies":[{"embeddable":true,"href":"https:\/\/cedins.org\/index.php\/wp-json\/wp\/v2\/comments?post=364"}],"version-history":[{"count":0,"href":"https:\/\/cedins.org\/index.php\/wp-json\/wp\/v2\/posts\/364\/revisions"}],"wp:featuredmedia":[{"embeddable":true,"href":"https:\/\/cedins.org\/index.php\/wp-json\/wp\/v2\/media\/363"}],"wp:attachment":[{"href":"https:\/\/cedins.org\/index.php\/wp-json\/wp\/v2\/media?parent=364"}],"wp:term":[{"taxonomy":"category","embeddable":true,"href":"https:\/\/cedins.org\/index.php\/wp-json\/wp\/v2\/categories?post=364"},{"taxonomy":"post_tag","embeddable":true,"href":"https:\/\/cedins.org\/index.php\/wp-json\/wp\/v2\/tags?post=364"}],"curies":[{"name":"wp","href":"https:\/\/api.w.org\/{rel}","templated":true}]}}