{"id":348,"date":"2013-04-18T14:30:39","date_gmt":"2013-04-18T14:30:39","guid":{"rendered":"https:\/\/cedins.org\/wordpress\/index.php\/2013\/04\/18\/congreso-para-la-paz-pueblos-construyendo-paz-para-la-vida-digna\/"},"modified":"2013-04-18T14:30:39","modified_gmt":"2013-04-18T14:30:39","slug":"congreso-para-la-paz-pueblos-construyendo-paz-para-la-vida-digna","status":"publish","type":"post","link":"https:\/\/cedins.org\/index.php\/2013\/04\/18\/congreso-para-la-paz-pueblos-construyendo-paz-para-la-vida-digna\/","title":{"rendered":"Congreso para la Paz: Pueblos Construyendo Paz"},"content":{"rendered":"<p style=\"padding: 0px; margin: 0px 0px 12px; border: 0px; color: #666666; font-style: normal; font-variant: normal; font-weight: normal; letter-spacing: normal; orphans: auto; text-indent: 0px; text-transform: none; white-space: normal; widows: auto; word-spacing: 0px; -webkit-text-size-adjust: auto; -webkit-text-stroke-width: 0px; background-color: #ffffff; font-size: 13px; font-family: Helvetica; text-align: justify;\">El congreso para la paz:<span class=\"Apple-converted-space\"> <\/span><strong style=\"padding: 0px; margin: 0px; border: 0px;\"> se realizar\u00e1 entre el 19 y el 22 de abril de 2013, en la ciudad de Bogot\u00e1 DC. &#8211; Colombia<\/strong><\/p>\n<p style=\"padding: 0px; margin: 15px 0px; border: 0px; color: #666666; font-family: Helvetica, Arial, sans-serif; font-size: 12px; font-style: normal; font-variant: normal; font-weight: normal; letter-spacing: normal; line-height: 19px; orphans: auto; text-indent: 0px; text-transform: none; white-space: normal; widows: auto; word-spacing: 0px; -webkit-text-size-adjust: auto; -webkit-text-stroke-width: 0px; background-color: #ffffff; text-align: justify;\"><strong style=\"padding: 0px; margin: 0px; border: 0px;\">1. PRESENTACI\u00d3N &#8211; JUSTIFICACI\u00d3N:<span class=\"Apple-converted-space\"> <\/span><\/strong>Colombia vive un conflicto social, pol\u00edtico y armado de m\u00e1s de seis d\u00e9cadas. Las causas del conflicto siguen actualmente vigentes, pero tambi\u00e9n es claro que los costos humanos y econ\u00f3micos de medio siglo de guerra son muy altos para el pa\u00eds y para su gente.<\/p>\n<p style=\"padding: 0px; margin: 0px; border: 0px; color: #666666; font-style: normal; font-variant: normal; font-weight: normal; letter-spacing: normal; orphans: auto; text-indent: 0px; text-transform: none; white-space: normal; widows: auto; word-spacing: 0px; -webkit-text-size-adjust: auto; -webkit-text-stroke-width: 0px; background-color: #ffffff; font-size: 13px; font-family: Helvetica; text-align: justify;\">En este contexto de una guerra impuesta, la paz, como una de las m\u00e1s urgentes aspiraciones democr\u00e1ticas de diversos sectores sociales en Colombia, hoy vuelve a ponerse al centro del debate pol\u00edtico en el pa\u00eds. Diversos procesos, organizaciones sociales y pol\u00edticas, a partir de su reiteraci\u00f3n de la necesidad de una soluci\u00f3n pol\u00edtica al conflicto armado, han decidido articularse entorno a la construcci\u00f3n de una paz que valla m\u00e1s all\u00e1 de la terminaci\u00f3n de la guerra. Una paz con justicia social cuya construcci\u00f3n est\u00e9 guiada por los pueblos y sus formas organizativas. Una paz que signifique respeto y garant\u00edas a los derechos humanos, econ\u00f3micos, laborales y ambientales con principios sociales basados en la justicia social y la equidad.<\/p>\n<p style=\"padding: 0px; margin: 0px; border: 0px; color: #666666; font-style: normal; font-variant: normal; font-weight: normal; letter-spacing: normal; orphans: auto; text-indent: 0px; text-transform: none; white-space: normal; widows: auto; word-spacing: 0px; -webkit-text-size-adjust: auto; -webkit-text-stroke-width: 0px; background-color: #ffffff; font-size: 13px; font-family: Helvetica; min-height: 16px; text-align: justify;\">\u00a0<\/p>\n<p style=\"padding: 0px; margin: 0px; border: 0px; color: #666666; font-style: normal; font-variant: normal; font-weight: normal; letter-spacing: normal; orphans: auto; text-indent: 0px; text-transform: none; white-space: normal; widows: auto; word-spacing: 0px; -webkit-text-size-adjust: auto; -webkit-text-stroke-width: 0px; background-color: #ffffff; font-size: 13px; font-family: Helvetica; text-align: justify;\">Bajo estas premisas, consideramos necesario la realizaci\u00f3n de un Congreso Para la Paz donde nos encontremos todos y todas quienes pretendamos por una propuesta de paz integral y vida digna; entendiendo la paz como\u00a0<em style=\"padding: 0px; margin: 0px; border: 0px;\">i<\/em>) un proceso colectivo y democr\u00e1tico;\u00a0<em style=\"padding: 0px; margin: 0px; border: 0px;\">ii<\/em>) construida desde las din\u00e1micas locales, regionales y desde los pueblos de Colombia en coordinaci\u00f3n y solidaridad internacionalista con los pueblos del Mundo;\u00a0<em style=\"padding: 0px; margin: 0px; border: 0px;\">iii<\/em>) una Paz m\u00e1s all\u00e1 del cese del fuego y que implique la superaci\u00f3n de las causas estructurales que dieron origen a los conflictos: (Concentraci\u00f3n de la tierra a partir del despojo y el terror de la guerra; el monopolio de los medios de producci\u00f3n; la explotaci\u00f3n laboral y la opresi\u00f3n social; el cierre de espacios pol\u00edticos y el monopolio y concentraci\u00f3n del poder gubernamental y administrativo del pa\u00eds excluyendo la participaci\u00f3n democr\u00e1tica de la sociedad; un modelo de justicia basado en el populismo punitivo y pro-carcelario que criminaliza la pobreza e ilegaliza la acci\u00f3n legitima de los pueblos en sus reclamos de democracia, etc.).<\/p>\n<p style=\"padding: 0px; margin: 0px; border: 0px; color: #666666; font-style: normal; font-variant: normal; font-weight: normal; letter-spacing: normal; orphans: auto; text-align: start; text-indent: 0px; text-transform: none; white-space: normal; widows: auto; word-spacing: 0px; -webkit-text-size-adjust: auto; -webkit-text-stroke-width: 0px; background-color: #ffffff; font-size: 13px; font-family: Helvetica; min-height: 16px;\">\u00a0<\/p>\n<p style=\"padding: 0px; margin: 0px; border: 0px; color: #666666; font-style: normal; font-variant: normal; font-weight: normal; letter-spacing: normal; orphans: auto; text-align: start; text-indent: 0px; text-transform: none; white-space: normal; widows: auto; word-spacing: 0px; -webkit-text-size-adjust: auto; -webkit-text-stroke-width: 0px; background-color: #ffffff; font-size: 13px; font-family: Helvetica;\">Es por esto que si de discutir y construir rutas para la paz en Colombia se trata, esto implica un di\u00e1logo democr\u00e1tico entre las comunidades, las organizaciones pol\u00edticas y sociales, las insurgencias, el Estado, los poderes econ\u00f3micos, las iglesias, la comunidad internacional y los pueblos del mundo interesados en el tema.<\/p>\n<p style=\"padding: 0px; margin: 0px; border: 0px; color: #666666; font-style: normal; font-variant: normal; font-weight: normal; letter-spacing: normal; orphans: auto; text-align: start; text-indent: 0px; text-transform: none; white-space: normal; widows: auto; word-spacing: 0px; -webkit-text-size-adjust: auto; -webkit-text-stroke-width: 0px; background-color: #ffffff; font-size: 13px; font-family: Helvetica; min-height: 16px;\">\u00a0<\/p>\n<p style=\"padding: 0px; margin: 0px; border: 0px; color: #666666; font-style: normal; font-variant: normal; font-weight: normal; letter-spacing: normal; orphans: auto; text-align: start; text-indent: 0px; text-transform: none; white-space: normal; widows: auto; word-spacing: 0px; -webkit-text-size-adjust: auto; -webkit-text-stroke-width: 0px; background-color: #ffffff; font-size: 13px; font-family: Helvetica;\">Para este prop\u00f3sito convocamos el Congreso para la paz como una propuesta de Paz Integral, para superar por la v\u00eda de la movilizaci\u00f3n y organizaci\u00f3n pol\u00edtica y de los argumentos, los problemas esenciales que generaron los conflictos y que proponga caminos de organizaci\u00f3n y dignidad para nuestros pueblos. En este camino hemos avanzado en espacios como la\u00a0<em style=\"padding: 0px; margin: 0px; border: 0px;\">Ruta Social Com\u00fan para la Paz<\/em><span class=\"Apple-converted-space\"> <\/span>donde diversos sectores y organizaciones sociales encuentran una articulaci\u00f3n importante de contribuci\u00f3n a la construcci\u00f3n de la paz.<\/p>\n<p style=\"padding: 0px; margin: 0px 0px 6px; border: 0px; color: #666666; font-style: normal; font-variant: normal; font-weight: normal; letter-spacing: normal; orphans: auto; text-align: start; text-indent: 0px; text-transform: none; white-space: normal; widows: auto; word-spacing: 0px; -webkit-text-size-adjust: auto; -webkit-text-stroke-width: 0px; background-color: #ffffff; font-size: 13px; font-family: Helvetica; min-height: 16px;\">\u00a0<\/p>\n<p style=\"padding: 0px; margin: 0px 0px 6px; border: 0px; color: #666666; font-style: normal; font-variant: normal; font-weight: normal; letter-spacing: normal; orphans: auto; text-align: start; text-indent: 0px; text-transform: none; white-space: normal; widows: auto; word-spacing: 0px; -webkit-text-size-adjust: auto; -webkit-text-stroke-width: 0px; background-color: #ffffff; font-size: 13px; font-family: Helvetica;\"><strong style=\"padding: 0px; margin: 0px; border: 0px;\">2. CAR\u00c1CTER:<\/strong><span class=\"Apple-converted-space\"> <\/span>Congreso para la Paz es un proceso que debe involucrar diversos niveles de sensibilizaci\u00f3n, visibilizaci\u00f3n de propuestas y experiencias, encuentros regionales y nacionales. Es de car\u00e1cter deliberativo y decisorio en cuanto la construcci\u00f3n legislativa com\u00fan para mandatar. El congreso para la paz es un proceso amplio, representativo y movilizador.<\/p>\n<p style=\"padding: 0px; margin: 0px 0px 6px; border: 0px; color: #666666; font-style: normal; font-variant: normal; font-weight: normal; letter-spacing: normal; orphans: auto; text-align: start; text-indent: 0px; text-transform: none; white-space: normal; widows: auto; word-spacing: 0px; -webkit-text-size-adjust: auto; -webkit-text-stroke-width: 0px; background-color: #ffffff; font-size: 13px; font-family: Helvetica;\"><em style=\"padding: 0px; margin: 0px; border: 0px;\">3<\/em><strong style=\"padding: 0px; margin: 0px; border: 0px;\"><em style=\"padding: 0px; margin: 0px; border: 0px;\">.\u00a0 OBJETIVO GENERAL:<span class=\"Apple-converted-space\"> <\/span><\/em><\/strong>Consolidar y posicionar\u00a0 una propuesta colectiva de paz y de pa\u00eds desde la articulaci\u00f3n de visiones, apuestas e iniciativas sociales locales, regionales y nacionales que aporte en la construcci\u00f3n de paz integral para Colombia y en la generaci\u00f3n de iniciativas y mandatos concretos para el momento que vive el pa\u00eds,\u00a0 lo que requerimos para avanzar hacia un pa\u00eds en paz. Esto sin alejarnos de los conflictos que agreden la vida y los derechos de los pueblos en el resto del mundo.<\/p>\n<ol style=\"padding: 0px; margin: 15px 0px; border: 0px; color: #666666; font-family: Helvetica, Arial, sans-serif; font-size: 12px; font-style: normal; font-variant: normal; font-weight: normal; letter-spacing: normal; line-height: 19px; orphans: auto; text-align: start; text-indent: 0px; text-transform: none; white-space: normal; widows: auto; word-spacing: 0px; -webkit-text-size-adjust: auto; -webkit-text-stroke-width: 0px; background-color: #ffffff;\">\n<li style=\"padding: 0px; margin: 0px 0px 6px; border: 0px; line-height: 23px; text-align: justify; font-size: 13px; font-family: Helvetica;\"><strong style=\"padding: 0px; margin: 0px; border: 0px;\">1.<span style=\"padding: 0px; margin: 0px; border: 0px; white-space: pre;\"> <\/span>4. OBJETIVOS ESPEC\u00cdFICOS:<\/strong><\/li>\n<\/ol>\n<ul style=\"padding: 0px; margin: 15px 0px; border: 0px; list-style: none; color: #666666; font-family: Helvetica, Arial, sans-serif; font-size: 12px; font-style: normal; font-variant: normal; font-weight: normal; letter-spacing: normal; line-height: 19px; orphans: auto; text-align: start; text-indent: 0px; text-transform: none; white-space: normal; widows: auto; word-spacing: 0px; -webkit-text-size-adjust: auto; -webkit-text-stroke-width: 0px; background-color: #ffffff;\">\n<li style=\"padding: 0px 0px 0px 30px; margin: 0px; border: 0px; background-image: url(http:\/\/www.congresodelospueblos.org\/plugins\/system\/jat3\/jat3\/base-themes\/default\/images\/bullet.gif); line-height: 20px; overflow: hidden; text-align: justify; font-size: 13px; font-family: Helvetica; background-position: 20px 7px; background-repeat: no-repeat no-repeat;\">\u00a5<span style=\"padding: 0px; margin: 0px; border: 0px; white-space: pre;\"> <\/span>&#8211; Recoger, articular, construir y movilizar una agenda social<\/li>\n<li style=\"padding: 0px 0px 0px 30px; margin: 0px; border: 0px; background-image: url(http:\/\/www.congresodelospueblos.org\/plugins\/system\/jat3\/jat3\/base-themes\/default\/images\/bullet.gif); line-height: 20px; overflow: hidden; text-align: justify; font-size: 13px; font-family: Helvetica; background-position: 20px 7px; background-repeat: no-repeat no-repeat;\">\u00a5<span style=\"padding: 0px; margin: 0px; border: 0px; white-space: pre;\"> <\/span>&#8211; Contribuir a fortalecer un movimiento social para la paz<\/li>\n<li style=\"padding: 0px 0px 0px 30px; margin: 0px; border: 0px; background-image: url(http:\/\/www.congresodelospueblos.org\/plugins\/system\/jat3\/jat3\/base-themes\/default\/images\/bullet.gif); line-height: 20px; overflow: hidden; text-align: justify; font-size: 13px; font-family: Helvetica; background-position: 20px 7px; background-repeat: no-repeat no-repeat;\">\u00a5<span style=\"padding: 0px; margin: 0px; border: 0px; white-space: pre;\"> <\/span>&#8211; Aportar a la incidencia en los distintos escenarios nacionales e internacionales sobre el tema de la paz<\/li>\n<li style=\"padding: 0px 0px 0px 30px; margin: 0px; border: 0px; background-image: url(http:\/\/www.congresodelospueblos.org\/plugins\/system\/jat3\/jat3\/base-themes\/default\/images\/bullet.gif); line-height: 20px; overflow: hidden; text-align: justify; font-size: 13px; font-family: Helvetica; background-position: 20px 7px; background-repeat: no-repeat no-repeat;\">\u00a5<span style=\"padding: 0px; margin: 0px; border: 0px; white-space: pre;\"> <\/span>&#8211; Generar movilizaci\u00f3n social por la paz<\/li>\n<\/ul>\n<ol style=\"padding: 0px; margin: 15px 0px; border: 0px; color: #666666; font-family: Helvetica, Arial, sans-serif; font-size: 12px; font-style: normal; font-variant: normal; font-weight: normal; letter-spacing: normal; line-height: 19px; orphans: auto; text-align: start; text-indent: 0px; text-transform: none; white-space: normal; widows: auto; word-spacing: 0px; -webkit-text-size-adjust: auto; -webkit-text-stroke-width: 0px; background-color: #ffffff;\">\n<li style=\"padding: 0px; margin: 0px; border: 0px; line-height: 23px; text-align: justify; font-size: 13px; font-family: Helvetica;\"><strong style=\"padding: 0px; margin: 0px; border: 0px;\"><em style=\"padding: 0px; margin: 0px; border: 0px;\">1.<span style=\"padding: 0px; margin: 0px; border: 0px; white-space: pre;\"> <\/span>5. EJES TEM\u00c1TICOS DEL CONGRESO:<\/em><\/strong><\/li>\n<\/ol>\n<ol style=\"padding: 0px; margin: 15px 0px; border: 0px; color: #666666; font-family: Helvetica, Arial, sans-serif; font-size: 12px; font-style: normal; font-variant: normal; font-weight: normal; letter-spacing: normal; line-height: 19px; orphans: auto; text-align: start; text-indent: 0px; text-transform: none; white-space: normal; widows: auto; word-spacing: 0px; -webkit-text-size-adjust: auto; -webkit-text-stroke-width: 0px; background-color: #ffffff;\">\n<li style=\"padding: 0px; margin: 0px; border: 0px; line-height: 23px; text-align: justify; font-size: 13px; font-family: Helvetica;\"><strong style=\"padding: 0px; margin: 0px; border: 0px;\"><em style=\"padding: 0px; margin: 0px; border: 0px;\">1.<span style=\"padding: 0px; margin: 0px; border: 0px; white-space: pre;\"> <\/span>1. Propuesta de paz integral\u00a0 y nuevo pa\u00eds:<\/em><\/strong><\/li>\n<\/ol>\n<p style=\"padding: 0px; margin: 0px 0px 0px 36px; border: 0px; color: #666666; font-style: normal; font-variant: normal; font-weight: normal; letter-spacing: normal; orphans: auto; text-align: start; text-indent: 0px; text-transform: none; white-space: normal; widows: auto; word-spacing: 0px; -webkit-text-size-adjust: auto; -webkit-text-stroke-width: 0px; background-color: #ffffff; font-size: 13px; font-family: Helvetica;\">a. Construyendo una noci\u00f3n de paz desde los pueblos<\/p>\n<p style=\"padding: 0px; margin: 0px 0px 0px 36px; border: 0px; color: #666666; font-style: normal; font-variant: normal; font-weight: normal; letter-spacing: normal; orphans: auto; text-align: start; text-indent: 0px; text-transform: none; white-space: normal; widows: auto; word-spacing: 0px; -webkit-text-size-adjust: auto; -webkit-text-stroke-width: 0px; background-color: #ffffff; font-size: 13px; font-family: Helvetica;\">b. Agenda social de paz hacia un nuevo pa\u00eds<\/p>\n<p style=\"padding: 0px; margin: 0px 0px 0px 18px; border: 0px; color: #666666; font-style: normal; font-variant: normal; font-weight: normal; letter-spacing: normal; orphans: auto; text-align: start; text-indent: 0px; text-transform: none; white-space: normal; widows: auto; word-spacing: 0px; -webkit-text-size-adjust: auto; -webkit-text-stroke-width: 0px; background-color: #ffffff; font-size: 13px; font-family: Helvetica; min-height: 16px;\">\u00a0<\/p>\n<ol style=\"padding: 0px; margin: 15px 0px; border: 0px; color: #666666; font-family: Helvetica, Arial, sans-serif; font-size: 12px; font-style: normal; font-variant: normal; font-weight: normal; letter-spacing: normal; line-height: 19px; orphans: auto; text-align: start; text-indent: 0px; text-transform: none; white-space: normal; widows: auto; word-spacing: 0px; -webkit-text-size-adjust: auto; -webkit-text-stroke-width: 0px; background-color: #ffffff;\">\n<li style=\"padding: 0px; margin: 0px; border: 0px; line-height: 23px; text-align: justify; font-size: 13px; font-family: Helvetica;\"><strong style=\"padding: 0px; margin: 0px; border: 0px;\"><em style=\"padding: 0px; margin: 0px; border: 0px;\">1.<span style=\"padding: 0px; margin: 0px; border: 0px; white-space: pre;\"> <\/span>2. Escenarios y caminos para la paz:<\/em><\/strong><\/li>\n<\/ol>\n<p style=\"padding: 0px; margin: 0px 0px 0px 36px; border: 0px; color: #666666; font-style: normal; font-variant: normal; font-weight: normal; letter-spacing: normal; orphans: auto; text-align: start; text-indent: 0px; text-transform: none; white-space: normal; widows: auto; word-spacing: 0px; -webkit-text-size-adjust: auto; -webkit-text-stroke-width: 0px; background-color: #ffffff; font-size: 13px; font-family: Helvetica;\">a. Construcci\u00f3n de paz desde las bases y desde las regiones.<\/p>\n<p style=\"padding: 0px; margin: 0px 0px 0px 36px; border: 0px; color: #666666; font-style: normal; font-variant: normal; font-weight: normal; letter-spacing: normal; orphans: auto; text-align: start; text-indent: 0px; text-transform: none; white-space: normal; widows: auto; word-spacing: 0px; -webkit-text-size-adjust: auto; -webkit-text-stroke-width: 0px; background-color: #ffffff; font-size: 13px; font-family: Helvetica;\">b. Participaci\u00f3n popular para la paz<\/p>\n<p style=\"padding: 0px; margin: 0px 0px 0px 36px; border: 0px; color: #666666; font-style: normal; font-variant: normal; font-weight: normal; letter-spacing: normal; orphans: auto; text-align: start; text-indent: 0px; text-transform: none; white-space: normal; widows: auto; word-spacing: 0px; -webkit-text-size-adjust: auto; -webkit-text-stroke-width: 0px; background-color: #ffffff; font-size: 13px; font-family: Helvetica;\">c. Garant\u00edas para la acci\u00f3n pol\u00edtica<\/p>\n<p style=\"padding: 0px; margin: 0px 0px 0px 18px; border: 0px; color: #666666; font-style: normal; font-variant: normal; font-weight: normal; letter-spacing: normal; orphans: auto; text-align: start; text-indent: 0px; text-transform: none; white-space: normal; widows: auto; word-spacing: 0px; -webkit-text-size-adjust: auto; -webkit-text-stroke-width: 0px; background-color: #ffffff; font-size: 13px; font-family: Helvetica; min-height: 16px;\">\u00a0<\/p>\n<ol style=\"padding: 0px; margin: 15px 0px; border: 0px; color: #666666; font-family: Helvetica, Arial, sans-serif; font-size: 12px; font-style: normal; font-variant: normal; font-weight: normal; letter-spacing: normal; line-height: 19px; orphans: auto; text-align: start; text-indent: 0px; text-transform: none; white-space: normal; widows: auto; word-spacing: 0px; -webkit-text-size-adjust: auto; -webkit-text-stroke-width: 0px; background-color: #ffffff;\">\n<li style=\"padding: 0px; margin: 0px; border: 0px; line-height: 23px; text-align: justify; font-size: 13px; font-family: Helvetica;\"><strong style=\"padding: 0px; margin: 0px; border: 0px;\"><em style=\"padding: 0px; margin: 0px; border: 0px;\">1.<span style=\"padding: 0px; margin: 0px; border: 0px; white-space: pre;\"> <\/span>3. Acci\u00f3n social y pol\u00edtica de paz:<\/em><\/strong><\/li>\n<\/ol>\n<p style=\"padding: 0px; margin: 0px 0px 0px 36px; border: 0px; color: #666666; font-style: normal; font-variant: normal; font-weight: normal; letter-spacing: normal; orphans: auto; text-align: start; text-indent: 0px; text-transform: none; white-space: normal; widows: auto; word-spacing: 0px; -webkit-text-size-adjust: auto; -webkit-text-stroke-width: 0px; background-color: #ffffff; font-size: 13px; font-family: Helvetica;\"><em style=\"padding: 0px; margin: 0px; border: 0px;\">a.<\/em><strong style=\"padding: 0px; margin: 0px; border: 0px;\"><em style=\"padding: 0px; margin: 0px; border: 0px;\"><span class=\"Apple-converted-space\"> <\/span><\/em><\/strong>Movilizaci\u00f3n social y confluencia por la paz.<\/p>\n<p style=\"padding: 0px; margin: 0px 0px 0px 36px; border: 0px; color: #666666; font-style: normal; font-variant: normal; font-weight: normal; letter-spacing: normal; orphans: auto; text-align: start; text-indent: 0px; text-transform: none; white-space: normal; widows: auto; word-spacing: 0px; -webkit-text-size-adjust: auto; -webkit-text-stroke-width: 0px; background-color: #ffffff; font-size: 13px; font-family: Helvetica;\">b. Desarrollo y articulaci\u00f3n de mandatos<\/p>\n<p style=\"padding: 0px; margin: 0px 0px 0px 36px; border: 0px; color: #666666; font-style: normal; font-variant: normal; font-weight: normal; letter-spacing: normal; orphans: auto; text-align: start; text-indent: 0px; text-transform: none; white-space: normal; widows: auto; word-spacing: 0px; -webkit-text-size-adjust: auto; -webkit-text-stroke-width: 0px; background-color: #ffffff; font-size: 13px; font-family: Helvetica;\">c. Cabildeo y comunidad internacional,<\/p>\n<p style=\"padding: 0px; margin: 0px 0px 0px 36px; border: 0px; color: #666666; font-style: normal; font-variant: normal; font-weight: normal; letter-spacing: normal; orphans: auto; text-align: start; text-indent: 0px; text-transform: none; white-space: normal; widows: auto; word-spacing: 0px; -webkit-text-size-adjust: auto; -webkit-text-stroke-width: 0px; background-color: #ffffff; font-size: 13px; font-family: Helvetica;\">d. Comunicaci\u00f3n y visibilizaci\u00f3n.<\/p>\n<p style=\"padding: 0px; margin: 0px 0px 0px 72px; border: 0px; color: #666666; font-style: normal; font-variant: normal; font-weight: normal; letter-spacing: normal; orphans: auto; text-align: start; text-indent: 0px; text-transform: none; white-space: normal; widows: auto; word-spacing: 0px; -webkit-text-size-adjust: auto; -webkit-text-stroke-width: 0px; background-color: #ffffff; font-size: 13px; font-family: Helvetica; min-height: 16px;\">\u00a0<\/p>\n<ol style=\"padding: 0px; margin: 15px 0px; border: 0px; color: #666666; font-family: Helvetica, Arial, sans-serif; font-size: 12px; font-style: normal; font-variant: normal; font-weight: normal; letter-spacing: normal; line-height: 19px; orphans: auto; text-align: start; text-indent: 0px; text-transform: none; white-space: normal; widows: auto; word-spacing: 0px; -webkit-text-size-adjust: auto; -webkit-text-stroke-width: 0px; background-color: #ffffff;\">\n<li style=\"padding: 0px; margin: 0px 0px 10px; border: 0px; line-height: 23px; text-align: justify; font-size: 13px; font-family: Helvetica;\"><strong style=\"padding: 0px; margin: 0px; border: 0px;\">1.<span style=\"padding: 0px; margin: 0px; border: 0px; white-space: pre;\"> <\/span>6. METODOLOGIA:<\/strong><\/li>\n<\/ol>\n<p style=\"padding: 0px; margin: 0px 0px 6px; border: 0px; color: #666666; font-style: normal; font-variant: normal; font-weight: normal; letter-spacing: normal; orphans: auto; text-align: start; text-indent: 0px; text-transform: none; white-space: normal; widows: auto; word-spacing: 0px; -webkit-text-size-adjust: auto; -webkit-text-stroke-width: 0px; background-color: #ffffff; font-size: 13px; font-family: Helvetica;\">Los criterios metodol\u00f3gicos del proceso de congreso para la paz son la construcci\u00f3n colectiva, una construcci\u00f3n que recoja m\u00faltiples visiones de pa\u00eds de las regiones, sectores,\u00a0 movimientos y\u00a0 procesos sociales, populares y democr\u00e1ticos.<\/p>\n<p style=\"padding: 0px; margin: 0px 0px 6px; border: 0px; color: #666666; font-style: normal; font-variant: normal; font-weight: normal; letter-spacing: normal; orphans: auto; text-align: start; text-indent: 0px; text-transform: none; white-space: normal; widows: auto; word-spacing: 0px; -webkit-text-size-adjust: auto; -webkit-text-stroke-width: 0px; background-color: #ffffff; font-size: 13px; font-family: Helvetica; min-height: 16px;\">\u00a0<\/p>\n<p style=\"padding: 0px; margin: 0px 0px 6px; border: 0px; color: #666666; font-style: normal; font-variant: normal; font-weight: normal; letter-spacing: normal; orphans: auto; text-align: start; text-indent: 0px; text-transform: none; white-space: normal; widows: auto; word-spacing: 0px; -webkit-text-size-adjust: auto; -webkit-text-stroke-width: 0px; background-color: #ffffff; font-size: 13px; font-family: Helvetica;\">El congreso nacional se construye desde lo local, desde las regiones, desde los pueblos, desde los sectores y organizaciones sociales y pol\u00edticas.<\/p>\n<p style=\"padding: 0px; margin: 0px 0px 6px; border: 0px; color: #666666; font-style: normal; font-variant: normal; font-weight: normal; letter-spacing: normal; orphans: auto; text-align: start; text-indent: 0px; text-transform: none; white-space: normal; widows: auto; word-spacing: 0px; -webkit-text-size-adjust: auto; -webkit-text-stroke-width: 0px; background-color: #ffffff; font-size: 13px; font-family: Helvetica; min-height: 16px;\">\u00a0<\/p>\n<p style=\"padding: 0px; margin: 0px 0px 6px; border: 0px; color: #666666; font-style: normal; font-variant: normal; font-weight: normal; letter-spacing: normal; orphans: auto; text-align: start; text-indent: 0px; text-transform: none; white-space: normal; widows: auto; word-spacing: 0px; -webkit-text-size-adjust: auto; -webkit-text-stroke-width: 0px; background-color: #ffffff; font-size: 13px; font-family: Helvetica;\">Est\u00e1 previsto realizar\u00a0 previamente dos encuentros internacionales, uno en Europa y otro en Sur Am\u00e9rica. Adem\u00e1s se realizaran Congresos regionales y foros tem\u00e1ticos preparatorios para construcci\u00f3n de los mandatos regionales y tem\u00e1ticos:<\/p>\n<ul style=\"padding: 0px; margin: 15px 0px; border: 0px; list-style: none; color: #666666; font-family: Helvetica, Arial, sans-serif; font-size: 12px; font-style: normal; font-variant: normal; font-weight: normal; letter-spacing: normal; line-height: 19px; orphans: auto; text-align: start; text-indent: 0px; text-transform: none; white-space: normal; widows: auto; word-spacing: 0px; -webkit-text-size-adjust: auto; -webkit-text-stroke-width: 0px; background-color: #ffffff;\">\n<li style=\"padding: 0px 0px 0px 30px; margin: 0px; border: 0px; background-image: url(http:\/\/www.congresodelospueblos.org\/plugins\/system\/jat3\/jat3\/base-themes\/default\/images\/bullet.gif); line-height: 20px; overflow: hidden; text-align: justify; font-size: 13px; font-family: Helvetica; background-position: 20px 7px; background-repeat: no-repeat no-repeat;\">\u00a5<span style=\"padding: 0px; margin: 0px; border: 0px; white-space: pre;\"> <\/span>\u00a5 Costa Caribe. (Bol\u00edvar, Guajira, Magdalena, Atl\u00e1ntico, C\u00f3rdoba, Sucre, Cesar, San Andr\u00e9s y Providencia)\u00a0 5 y 6 de marzo\/2013 en Barranquilla<\/li>\n<li style=\"padding: 0px 0px 0px 30px; margin: 0px; border: 0px; background-image: url(http:\/\/www.congresodelospueblos.org\/plugins\/system\/jat3\/jat3\/base-themes\/default\/images\/bullet.gif); line-height: 20px; overflow: hidden; text-align: justify; font-size: 13px; font-family: Helvetica; background-position: 20px 7px; background-repeat: no-repeat no-repeat;\">\u00a5<span style=\"padding: 0px; margin: 0px; border: 0px; white-space: pre;\"> <\/span>\u00a5 Sur-occidente. (Huila, Valle, Cauca, Nari\u00f1o, Caquet\u00e1) 16 y 17 de marzo\u00a0 en Popay\u00e1n<\/li>\n<\/ul>\n<p style=\"padding: 0px; margin: 0px 0px 0px 35px; border: 0px; color: #666666; font-style: normal; font-variant: normal; font-weight: normal; letter-spacing: normal; orphans: auto; text-align: start; text-indent: 0px; text-transform: none; white-space: normal; widows: auto; word-spacing: 0px; -webkit-text-size-adjust: auto; -webkit-text-stroke-width: 0px; background-color: #ffffff; font-size: 13px; font-family: Helvetica;\">Zonales: en Cali, Cauca (sur, centro y urbanos) y Huila.<\/p>\n<ul style=\"padding: 0px; margin: 15px 0px; border: 0px; list-style: none; color: #666666; font-family: Helvetica, Arial, sans-serif; font-size: 12px; font-style: normal; font-variant: normal; font-weight: normal; letter-spacing: normal; line-height: 19px; orphans: auto; text-align: start; text-indent: 0px; text-transform: none; white-space: normal; widows: auto; word-spacing: 0px; -webkit-text-size-adjust: auto; -webkit-text-stroke-width: 0px; background-color: #ffffff;\">\n<li style=\"padding: 0px 0px 0px 30px; margin: 0px; border: 0px; background-image: url(http:\/\/www.congresodelospueblos.org\/plugins\/system\/jat3\/jat3\/base-themes\/default\/images\/bullet.gif); line-height: 20px; overflow: hidden; text-align: justify; font-size: 13px; font-family: Helvetica; background-position: 20px 7px; background-repeat: no-repeat no-repeat;\">\u00a5<span style=\"padding: 0px; margin: 0px; border: 0px; white-space: pre;\"> <\/span>\u00a5 Centro Occidente. (Antioquia , Eje Cafetero y Choco) 16 y 17 de Marzo en Medell\u00edn<\/li>\n<li style=\"padding: 0px 0px 0px 30px; margin: 0px; border: 0px; background-image: url(http:\/\/www.congresodelospueblos.org\/plugins\/system\/jat3\/jat3\/base-themes\/default\/images\/bullet.gif); line-height: 20px; overflow: hidden; text-align: justify; font-size: 13px; font-family: Helvetica; background-position: 20px 7px; background-repeat: no-repeat no-repeat;\">\u00a5<span style=\"padding: 0px; margin: 0px; border: 0px; white-space: pre;\"> <\/span>\u00a5 Centro del pa\u00eds (Cundinamarca, Boyac\u00e1, Sumapaz, Sabana, Bogot\u00e1, Tolima). 16 y 17 de marzo en Bogot\u00e1<\/li>\n<li style=\"padding: 0px 0px 0px 30px; margin: 0px; border: 0px; background-image: url(http:\/\/www.congresodelospueblos.org\/plugins\/system\/jat3\/jat3\/base-themes\/default\/images\/bullet.gif); line-height: 20px; overflow: hidden; text-align: justify; font-size: 13px; font-family: Helvetica; background-position: 20px 7px; background-repeat: no-repeat no-repeat;\">\u00a5<span style=\"padding: 0px; margin: 0px; border: 0px; white-space: pre;\"> <\/span>\u00a5 Centro-Oriente. (Meta, Casanare, Arauca). Seminario en Villavicencio 23 de marzo<\/li>\n<li style=\"padding: 0px 0px 0px 30px; margin: 0px; border: 0px; background-image: url(http:\/\/www.congresodelospueblos.org\/plugins\/system\/jat3\/jat3\/base-themes\/default\/images\/bullet.gif); line-height: 20px; overflow: hidden; text-align: justify; font-size: 13px; font-family: Helvetica; background-position: 20px 7px; background-repeat: no-repeat no-repeat;\">\u00a5<span style=\"padding: 0px; margin: 0px; border: 0px; white-space: pre;\"> <\/span>\u00a5 Magdalena\u00a0 Medio, Bajo Cauca, Nordeste Antioque\u00f1o, Sur de Bol\u00edvar, Santander. 16 y 17 de marzo en Barrancabermeja.<\/li>\n<\/ul>\n<p style=\"padding: 0px; margin: 0px 0px 0px 36px; border: 0px; color: #666666; font-style: normal; font-variant: normal; font-weight: normal; letter-spacing: normal; orphans: auto; text-align: start; text-indent: 0px; text-transform: none; white-space: normal; widows: auto; word-spacing: 0px; -webkit-text-size-adjust: auto; -webkit-text-stroke-width: 0px; background-color: #ffffff; font-size: 13px; font-family: Helvetica; min-height: 16px;\">\u00a0<\/p>\n<p style=\"padding: 0px; margin: 0px 0px 0px 18px; border: 0px; color: #666666; font-style: normal; font-variant: normal; font-weight: normal; letter-spacing: normal; orphans: auto; text-align: start; text-indent: 0px; text-transform: none; white-space: normal; widows: auto; word-spacing: 0px; -webkit-text-size-adjust: auto; -webkit-text-stroke-width: 0px; background-color: #ffffff; font-size: 13px; font-family: Helvetica;\">Tem\u00e1ticos:<\/p>\n<p style=\"padding: 0px; margin: 0px 0px 0px 18px; border: 0px; color: #666666; font-style: normal; font-variant: normal; font-weight: normal; letter-spacing: normal; orphans: auto; text-align: start; text-indent: 0px; text-transform: none; white-space: normal; widows: auto; word-spacing: 0px; -webkit-text-size-adjust: auto; -webkit-text-stroke-width: 0px; background-color: #ffffff; font-size: 13px; font-family: Helvetica; min-height: 16px;\">\u00a0<\/p>\n<ul style=\"padding: 0px; margin: 15px 0px; border: 0px; list-style: none; color: #666666; font-family: Helvetica, Arial, sans-serif; font-size: 12px; font-style: normal; font-variant: normal; font-weight: normal; letter-spacing: normal; line-height: 19px; orphans: auto; text-align: start; text-indent: 0px; text-transform: none; white-space: normal; widows: auto; word-spacing: 0px; -webkit-text-size-adjust: auto; -webkit-text-stroke-width: 0px; background-color: #ffffff;\">\n<li style=\"padding: 0px 0px 0px 30px; margin: 0px; border: 0px; background-image: url(http:\/\/www.congresodelospueblos.org\/plugins\/system\/jat3\/jat3\/base-themes\/default\/images\/bullet.gif); line-height: 20px; overflow: hidden; text-align: justify; font-size: 13px; font-family: Helvetica; background-position: 20px 7px; background-repeat: no-repeat no-repeat;\">\u00a5<span style=\"padding: 0px; margin: 0px; border: 0px; white-space: pre;\"> <\/span>\u00a5 Encuentro Nacional de Educaci\u00f3n para la paz en la UNIVALLE-Cali el 8 y 9 de marzo.<\/li>\n<\/ul>\n<ul style=\"padding: 0px; margin: 15px 0px; border: 0px; list-style: none; color: #666666; font-family: Helvetica, Arial, sans-serif; font-size: 12px; font-style: normal; font-variant: normal; font-weight: normal; letter-spacing: normal; line-height: 19px; orphans: auto; text-align: start; text-indent: 0px; text-transform: none; white-space: normal; widows: auto; word-spacing: 0px; -webkit-text-size-adjust: auto; -webkit-text-stroke-width: 0px; background-color: #ffffff;\">\n<li style=\"padding: 0px 0px 0px 30px; margin: 0px; border: 0px; background-image: url(http:\/\/www.congresodelospueblos.org\/plugins\/system\/jat3\/jat3\/base-themes\/default\/images\/bullet.gif); line-height: 20px; overflow: hidden; text-align: justify; font-size: 13px; font-family: Helvetica; background-position: 20px 7px; background-repeat: no-repeat no-repeat;\">\u00a5<span style=\"padding: 0px; margin: 0px; border: 0px; white-space: pre;\"> <\/span>\u00a5 Seminario para la paz del Coordinador Nacional Agrario. 19, 20 y 21 de febrero en Medell\u00edn.<\/li>\n<li style=\"padding: 0px 0px 0px 30px; margin: 0px; border: 0px; background-image: url(http:\/\/www.congresodelospueblos.org\/plugins\/system\/jat3\/jat3\/base-themes\/default\/images\/bullet.gif); line-height: 20px; overflow: hidden; text-align: justify; font-size: 13px; font-family: Helvetica; background-position: 20px 7px; background-repeat: no-repeat no-repeat;\">\u00a5<span style=\"padding: 0px; margin: 0px; border: 0px; white-space: pre;\"> <\/span>\u00a5 Seminario de tierras, territorios y soberan\u00edas. Mandatos Congreso de TTS hacia la paz. 17 y 18 de abril.<\/li>\n<li style=\"padding: 0px 0px 0px 30px; margin: 0px; border: 0px; background-image: url(http:\/\/www.congresodelospueblos.org\/plugins\/system\/jat3\/jat3\/base-themes\/default\/images\/bullet.gif); line-height: 20px; overflow: hidden; text-align: justify; font-size: 13px; font-family: Helvetica; background-position: 20px 7px; background-repeat: no-repeat no-repeat;\">\u00a5<span style=\"padding: 0px; margin: 0px; border: 0px; white-space: pre;\"> <\/span>\u00a5\u00a0 Encuentros de mujeres, paz y conflicto. Encuentro de mujeres en Bacat\u00e1, 6 y 7 de abril. En Medell\u00edn 9 de marzo.<\/li>\n<li style=\"padding: 0px 0px 0px 30px; margin: 0px; border: 0px; background-image: url(http:\/\/www.congresodelospueblos.org\/plugins\/system\/jat3\/jat3\/base-themes\/default\/images\/bullet.gif); line-height: 20px; overflow: hidden; text-align: justify; font-size: 13px; font-family: Helvetica; background-position: 20px 7px; background-repeat: no-repeat no-repeat;\">\u00a5<span style=\"padding: 0px; margin: 0px; border: 0px; white-space: pre;\"> <\/span>\u00a5 Encuentro inter \u00e9tnico e intercultural.<\/li>\n<li style=\"padding: 0px 0px 0px 30px; margin: 0px; border: 0px; background-image: url(http:\/\/www.congresodelospueblos.org\/plugins\/system\/jat3\/jat3\/base-themes\/default\/images\/bullet.gif); line-height: 20px; overflow: hidden; text-align: justify; font-size: 13px; font-family: Helvetica; background-position: 20px 7px; background-repeat: no-repeat no-repeat;\">\u00a5<span style=\"padding: 0px; margin: 0px; border: 0px; white-space: pre;\"> <\/span>\u00a5 Tulpas de mujeres tema de paz desde los pueblos ind\u00edgenas (CRIC Y ACIN). Encuentro de mujeres ind\u00edgenas por la paz.<\/li>\n<\/ul>\n<p style=\"padding: 0px; margin: 0px 0px 0px 36px; border: 0px; color: #666666; font-style: normal; font-variant: normal; font-weight: normal; letter-spacing: normal; orphans: auto; text-align: start; text-indent: 0px; text-transform: none; white-space: normal; widows: auto; word-spacing: 0px; -webkit-text-size-adjust: auto; -webkit-text-stroke-width: 0px; background-color: #ffffff; font-size: 13px; font-family: Helvetica; min-height: 16px;\">\u00a0<\/p>\n<p style=\"padding: 0px; margin: 0px 0px 0px 35px; border: 0px; color: #666666; font-style: normal; font-variant: normal; font-weight: normal; letter-spacing: normal; orphans: auto; text-align: start; text-indent: 0px; text-transform: none; white-space: normal; widows: auto; word-spacing: 0px; -webkit-text-size-adjust: auto; -webkit-text-stroke-width: 0px; background-color: #ffffff; font-size: 13px; font-family: Helvetica; min-height: 16px;\">\u00a0<\/p>\n<p style=\"padding: 0px; margin: 0px 0px 0px 35px; border: 0px; color: #666666; font-style: normal; font-variant: normal; font-weight: normal; letter-spacing: normal; orphans: auto; text-align: start; text-indent: 0px; text-transform: none; white-space: normal; widows: auto; word-spacing: 0px; -webkit-text-size-adjust: auto; -webkit-text-stroke-width: 0px; background-color: #ffffff; font-size: 13px; font-family: Helvetica;\">Congreso Nacional Para la Paz.<\/p>\n<p style=\"padding: 0px; margin: 0px; border: 0px; color: #666666; font-style: normal; font-variant: normal; font-weight: normal; letter-spacing: normal; orphans: auto; text-align: start; text-indent: 0px; text-transform: none; white-space: normal; widows: auto; word-spacing: 0px; -webkit-text-size-adjust: auto; -webkit-text-stroke-width: 0px; background-color: #ffffff; font-size: 13px; font-family: Helvetica;\">Fecha: 19 al 22 de abril de 2013. Lugar: Bogot\u00e1<\/p>\n<p style=\"padding: 0px; margin: 0px; border: 0px; color: #666666; font-style: normal; font-variant: normal; font-weight: normal; letter-spacing: normal; orphans: auto; text-indent: 0px; text-transform: none; white-space: normal; widows: auto; word-spacing: 0px; -webkit-text-size-adjust: auto; -webkit-text-stroke-width: 0px; background-color: #ffffff; font-size: 13px; font-family: Helvetica; min-height: 16px; text-align: justify;\">\u00a0<\/p>\n<p style=\"padding: 0px; margin: 0px; border: 0px; color: #666666; font-family: Helvetica, Arial, sans-serif; font-size: 12px; font-style: normal; font-variant: normal; font-weight: normal; letter-spacing: normal; line-height: 19px; orphans: auto; text-indent: 0px; text-transform: none; white-space: normal; widows: auto; word-spacing: 0px; -webkit-text-size-adjust: auto; -webkit-text-stroke-width: 0px; background-color: #ffffff; text-align: justify;\"><span style=\"padding: 0px; margin: 0px; border: 0px; font-family: Helvetica; font-size: x-small;\">Convocan:<span class=\"Apple-converted-space\"> <\/span><\/span><span style=\"padding: 0px; margin: 0px; border: 0px; font-family: Cochin; font-size: medium; color: #000000;\">Congreso De Los Pueblos, COMOSOCOC, Red De Iniciativas De Paz Desde La<span class=\"Apple-converted-space\"> <\/span><\/span><span style=\"padding: 0px; margin: 0px; border: 0px; font-family: Cochin; font-size: medium; color: #000000;\">Base, Ruta Pacifica De Mujeres, Coordinador Nacional Agrario, Minga De<span class=\"Apple-converted-space\"> <\/span><\/span><span style=\"padding: 0px; margin: 0px; border: 0px; font-family: Cochin; font-size: medium; color: #000000;\">Resistencia Social y Comunitaria, Iglesia Presbiteriana, Asociaci\u00f3n<span class=\"Apple-converted-space\"> <\/span><\/span><span style=\"padding: 0px; margin: 0px; border: 0px; font-family: Cochin; font-size: medium; color: #000000;\">Nacional de Usuarios Campesinos, ANUC-UR, Coordinaci\u00f3n De Autoridades<span class=\"Apple-converted-space\"> <\/span><\/span><span style=\"padding: 0px; margin: 0px; border: 0px; font-family: Cochin; font-size: medium; color: #000000;\">Tradicionales Ind\u00edgenas De Colombia \u2013 Cauca, Mujeres Por La Paz,<span class=\"Apple-converted-space\"> <\/span><\/span><span style=\"padding: 0px; margin: 0px; border: 0px; font-family: Cochin; font-size: medium; color: #000000;\">Colombianos Y Colombianas Por La Paz, Proceso de Comunidades Negras,<span class=\"Apple-converted-space\"> <\/span><\/span><span style=\"padding: 0px; margin: 0px; border: 0px; font-family: Cochin; font-size: medium; color: #000000;\">Asociaci\u00f3n de Cabildos Ind\u00edgenas del Norte del Cauca, Comit\u00e9<span class=\"Apple-converted-space\"> <\/span><\/span><span style=\"padding: 0px; margin: 0px; border: 0px; font-family: Cochin; font-size: medium; color: #000000;\">Permanente por la Defensa de los Derechos Humanos, Partido Comunista<span class=\"Apple-converted-space\"> <\/span><\/span><span style=\"padding: 0px; margin: 0px; border: 0px; font-family: Cochin; font-size: medium; color: #000000;\">Colombiano, MOVICE, CENSAT Agua Viva, \u00a0Movimiento R\u00edos Vivos,<span class=\"Apple-converted-space\"> <\/span><\/span><span style=\"padding: 0px; margin: 0px; border: 0px; font-family: Cochin; font-size: medium; color: #000000;\">Movimiento Vamos Por Los Derechos, Red De Hermandad Y Solidaridad Con<span class=\"Apple-converted-space\"> <\/span><\/span><span style=\"padding: 0px; margin: 0px; border: 0px; font-family: Cochin; font-size: medium; color: #000000;\">Colombia, \u00a0Poder Y Unidad Popular, Tejido Juvenil Transformando la<span class=\"Apple-converted-space\"> <\/span><\/span><span style=\"padding: 0px; margin: 0px; border: 0px; font-family: Cochin; font-size: medium; color: #000000;\">Sociedad TEJUNTAS, Proceso Nacional Identidad Estudiantil, Confluencia d<\/span><span style=\"padding: 0px; margin: 0px; border: 0px; font-family: Cochin; font-size: medium; color: #000000;\">e Mujeres Para da Acci\u00f3n P\u00fablica, Tierra Libre, Red Proyecto Sur,<span class=\"Apple-converted-space\"> <\/span><\/span><span style=\"padding: 0px; margin: 0px; border: 0px; font-family: Cochin; font-size: medium; color: #000000;\">Minga Juvenil Nacional, Asociaci\u00f3n Nomadesc, Campa\u00f1a Prohibido<span class=\"Apple-converted-space\"> <\/span><\/span><span style=\"padding: 0px; margin: 0px; border: 0px; font-family: Cochin; font-size: medium; color: #000000;\">Olvidar, Sintraunicol Valle, IAPES, OFP, CECUCOL, Comit\u00e9 De Mujeres<\/span><span style=\"padding: 0px; margin: 0px; border: 0px; font-family: Cochin; color: #000000; font-size: small;\">Corteras De La Ca\u00f1a, Zona Publica,\u00a0Asentamientos\u00a0Brisas De<span class=\"Apple-converted-space\"> <\/span><\/span><span style=\"padding: 0px; margin: 0px; border: 0px; font-family: Cochin; font-size: medium; color: #000000;\">Comuneros, PROVIDAS, Consejo Comunitario de la Toma, Grupo De Mujeres<span class=\"Apple-converted-space\"> <\/span><\/span><span style=\"padding: 0px; margin: 0px; border: 0px; font-family: Cochin; color: #000000; font-size: small;\">De Triana, Resguardo\u00a0Ind\u00edgena\u00a0la Delfina, Cabildo Mayor Del Ca\u00f1on del\u00a0Rio Pepitas, Corteros de la Ca\u00f1a, ASOAGROS &#8211; CNA, Cabildo\u00a0Ind\u00edgena\u00a0De\u00a0Alto Napoles-Cali, Cabildo\u00a0Ind\u00edgena, \u00a0Universitario &#8211; Universidad Del\u00a0Valle, Amauta, Resguardo Indigena De Honduras, Cabildo\u00a0Ind\u00edgena\u00a0De<span class=\"Apple-converted-space\"> <\/span><\/span><span style=\"padding: 0px; margin: 0px; border: 0px; font-family: Cochin; font-size: medium; color: #000000;\">Cerro Tijeras, \u00a0Universidad sin Fronteras, Coordinador Nacional<span class=\"Apple-converted-space\"> <\/span><\/span><span style=\"padding: 0px; margin: 0px; border: 0px; font-family: Cochin; font-size: medium; color: #000000;\">Petrolero, Organizaciones Sociales de Centro \u00a0Oriente, Rebeld\u00eda<span class=\"Apple-converted-space\"> <\/span><\/span><span style=\"padding: 0px; margin: 0px; border: 0px; font-family: Cochin; font-size: medium; color: #000000;\">Estudiantil Organizada, Fuerza Com\u00fan, CETS, Red \u00a0de Universidades por l<\/span><span style=\"padding: 0px; margin: 0px; border: 0px; font-family: Cochin; font-size: medium; color: #000000;\">a Paz, Proceso Nacional Magisterial, Asociaci\u00f3n MINGA, PSC, Fundaci\u00f3n<span class=\"Apple-converted-space\"> <\/span><\/span><span style=\"padding: 0px; margin: 0px; border: 0px; font-family: Cochin; font-size: medium; color: #000000;\">Comit\u00e9 de Solidaridad con Presos Pol\u00edticos, CED-INS, \u00a0Planeta Paz,<span class=\"Apple-converted-space\"> <\/span><\/span><span style=\"padding: 0px; margin: 0px; border: 0px; font-family: Cochin; font-size: medium; color: #000000;\">Parlamentario Iv\u00e1n Cepeda, Piedad C\u00f3rdoba, Senadora Gloria In\u00e9s<span class=\"Apple-converted-space\"> <\/span><\/span><span style=\"padding: 0px; margin: 0px; border: 0px; font-family: Cochin; font-size: medium; color: #000000;\">Ramirez, Senador Alexander L\u00f3pez<\/span><\/p>\n<p style=\"padding: 0px; margin: 15px 0px; border: 0px; color: #666666; font-family: Helvetica, Arial, sans-serif; font-size: 12px; font-style: normal; font-variant: normal; font-weight: normal; letter-spacing: normal; line-height: 19px; orphans: auto; text-indent: 0px; text-transform: none; white-space: normal; widows: auto; word-spacing: 0px; -webkit-text-size-adjust: auto; -webkit-text-stroke-width: 0px; background-color: #ffffff; text-align: justify;\">Contacto:<span class=\"Apple-converted-space\"> <\/span><a href=\"mailto:comunicaciones@congresodelospueblos.org\" style=\"padding: 0px; margin: 0px; border: 0px; color: #333333; text-decoration: none;\">comunicaciones@congresodelospueblos.org<\/a><\/p>\n","protected":false},"excerpt":{"rendered":"<p>El congreso para la paz: se realizar\u00e1 entre el 19 y el 22 de abril de 2013, en la ciudad de Bogot\u00e1 DC. &#8211; Colombia 1. PRESENTACI\u00d3N &#8211; JUSTIFICACI\u00d3N: Colombia vive un conflicto social, pol\u00edtico y armado de m\u00e1s de seis d\u00e9cadas. Las causas del conflicto siguen actualmente vigentes, pero tambi\u00e9n es claro que los [&hellip;]<\/p>\n","protected":false},"author":1,"featured_media":0,"comment_status":"open","ping_status":"closed","sticky":false,"template":"","format":"standard","meta":{"footnotes":"","jetpack_publicize_message":"","jetpack_publicize_feature_enabled":true,"jetpack_social_post_already_shared":true,"jetpack_social_options":{"image_generator_settings":{"template":"highway","default_image_id":0,"font":"","enabled":false},"version":2}},"categories":[18],"tags":[],"class_list":["post-348","post","type-post","status-publish","format-standard","hentry","category-timas"],"jetpack_publicize_connections":[],"jetpack_featured_media_url":"","_links":{"self":[{"href":"https:\/\/cedins.org\/index.php\/wp-json\/wp\/v2\/posts\/348","targetHints":{"allow":["GET"]}}],"collection":[{"href":"https:\/\/cedins.org\/index.php\/wp-json\/wp\/v2\/posts"}],"about":[{"href":"https:\/\/cedins.org\/index.php\/wp-json\/wp\/v2\/types\/post"}],"author":[{"embeddable":true,"href":"https:\/\/cedins.org\/index.php\/wp-json\/wp\/v2\/users\/1"}],"replies":[{"embeddable":true,"href":"https:\/\/cedins.org\/index.php\/wp-json\/wp\/v2\/comments?post=348"}],"version-history":[{"count":0,"href":"https:\/\/cedins.org\/index.php\/wp-json\/wp\/v2\/posts\/348\/revisions"}],"wp:attachment":[{"href":"https:\/\/cedins.org\/index.php\/wp-json\/wp\/v2\/media?parent=348"}],"wp:term":[{"taxonomy":"category","embeddable":true,"href":"https:\/\/cedins.org\/index.php\/wp-json\/wp\/v2\/categories?post=348"},{"taxonomy":"post_tag","embeddable":true,"href":"https:\/\/cedins.org\/index.php\/wp-json\/wp\/v2\/tags?post=348"}],"curies":[{"name":"wp","href":"https:\/\/api.w.org\/{rel}","templated":true}]}}