{"id":337,"date":"2013-02-01T13:57:22","date_gmt":"2013-02-01T13:57:22","guid":{"rendered":"https:\/\/cedins.org\/wordpress\/index.php\/2013\/02\/01\/radio-novela-q-de-aqui-no-nos-vamos-compadreq\/"},"modified":"2013-02-01T13:57:22","modified_gmt":"2013-02-01T13:57:22","slug":"radio-novela-q-de-aqui-no-nos-vamos-compadreq","status":"publish","type":"post","link":"https:\/\/cedins.org\/index.php\/2013\/02\/01\/radio-novela-q-de-aqui-no-nos-vamos-compadreq\/","title":{"rendered":"Radio Novela &#8221; De aqui no nos vamos compadre&#8221;"},"content":{"rendered":"<p style=\"text-align: justify;\"><img fetchpriority=\"high\" decoding=\"async\" src=\"images\/stories\/radionovelam 1.jpg\" border=\"0\" width=\"387\" height=\"346\" style=\"float: right; border: 2px solid black; margin: 2px;\" \/><span style=\"color: #333333; font-family: Interstate, 'Lucida Grande', Arial, sans-serif; font-size: 16px; font-style: normal; font-variant: normal; font-weight: 300; letter-spacing: normal; line-height: 22px; orphans: 2; text-align: start; text-indent: 0px; text-transform: none; white-space: normal; widows: 2; word-spacing: 0px; -webkit-text-size-adjust: auto; -webkit-text-stroke-width: 0px; background-color: #ffffff; display: inline !important; float: none;\">Este material radiof\u00f3nico es fruto de la labor realizada por hombres y mujeres sindicalistas, campesinos y trabajadores de la cultura, como un aporte a las actividades educativas que desarrolla el Instituto Nacional Sindical Cedins y el Coordinador Nacional Agrario CNA. En esta ocasi\u00f3n hemos querido rescatar el recurso de la radionovela, un g\u00e9nero rico en experiencias en la cultura oral colombiana, la cual ha ido desapareciendo por el uso de formatos comerciales que no necesitan de la actuaci\u00f3n, la creaci\u00f3n de personajes, el trabajo colectivo o la elaboraci\u00f3n del gui\u00f3n. Esperamos sea de utilidad en sus proyectos.<\/span><\/p>\n<p style=\"text-align: justify;\"><span style=\"color: #333333; font-family: Interstate, 'Lucida Grande', Arial, sans-serif; font-size: 16px; font-style: normal; font-variant: normal; font-weight: 300; letter-spacing: normal; line-height: 22px; orphans: 2; text-align: start; text-indent: 0px; text-transform: none; white-space: normal; widows: 2; word-spacing: 0px; -webkit-text-size-adjust: auto; -webkit-text-stroke-width: 0px; background-color: #ffffff; display: inline !important; float: none;\">Todos los audios los\u00a0<\/span><span style=\"font-family: Interstate, 'Lucida Grande', Arial, sans-serif; font-size: 16px; line-height: 22px; orphans: 2; text-align: start; widows: 2;\">pueden escuchar y descargar en: <\/span><a href=\"https:\/\/soundcloud.com\/cedins45\" target=\"_self\" style=\"font-family: Interstate, 'Lucida Grande', Arial, sans-serif; font-size: 16px; line-height: 22px; orphans: 2; text-align: start; widows: 2;\">https:\/\/soundcloud.com\/cedins45<\/a><\/p>\n<p style=\"text-align: justify;\"><span style=\"color: #333333; font-family: Interstate, 'Lucida Grande', Arial, sans-serif; font-size: 16px; font-style: normal; font-variant: normal; font-weight: 300; letter-spacing: normal; line-height: 22px; orphans: 2; text-align: start; text-indent: 0px; text-transform: none; white-space: normal; widows: 2; word-spacing: 0px; -webkit-text-size-adjust: auto; -webkit-text-stroke-width: 0px; background-color: #ffffff; display: inline !important; float: none;\">\u00a0<\/span><\/p>\n<p style=\"text-align: justify;\"><span style=\"color: #333333; font-family: Interstate, 'Lucida Grande', Arial, sans-serif; font-size: 16px; font-style: normal; font-variant: normal; font-weight: 300; letter-spacing: normal; line-height: 22px; orphans: 2; text-align: start; text-indent: 0px; text-transform: none; white-space: normal; widows: 2; word-spacing: 0px; -webkit-text-size-adjust: auto; -webkit-text-stroke-width: 0px; background-color: #ffffff; display: inline !important; float: none;\">\u00a0<\/span><\/p>\n","protected":false},"excerpt":{"rendered":"<p>Este material radiof\u00f3nico es fruto de la labor realizada por hombres y mujeres sindicalistas, campesinos y trabajadores de la cultura, como un aporte a las actividades educativas que desarrolla el Instituto Nacional Sindical Cedins y el Coordinador Nacional Agrario CNA. En esta ocasi\u00f3n hemos querido rescatar el recurso de la radionovela, un g\u00e9nero rico en [&hellip;]<\/p>\n","protected":false},"author":1,"featured_media":0,"comment_status":"open","ping_status":"closed","sticky":false,"template":"","format":"standard","meta":{"footnotes":"","jetpack_publicize_message":"","jetpack_publicize_feature_enabled":true,"jetpack_social_post_already_shared":true,"jetpack_social_options":{"image_generator_settings":{"template":"highway","default_image_id":0,"font":"","enabled":false},"version":2}},"categories":[14],"tags":[],"class_list":["post-337","post","type-post","status-publish","format-standard","hentry","category-tierras-y-territorios"],"jetpack_publicize_connections":[],"jetpack_featured_media_url":"","_links":{"self":[{"href":"https:\/\/cedins.org\/index.php\/wp-json\/wp\/v2\/posts\/337","targetHints":{"allow":["GET"]}}],"collection":[{"href":"https:\/\/cedins.org\/index.php\/wp-json\/wp\/v2\/posts"}],"about":[{"href":"https:\/\/cedins.org\/index.php\/wp-json\/wp\/v2\/types\/post"}],"author":[{"embeddable":true,"href":"https:\/\/cedins.org\/index.php\/wp-json\/wp\/v2\/users\/1"}],"replies":[{"embeddable":true,"href":"https:\/\/cedins.org\/index.php\/wp-json\/wp\/v2\/comments?post=337"}],"version-history":[{"count":0,"href":"https:\/\/cedins.org\/index.php\/wp-json\/wp\/v2\/posts\/337\/revisions"}],"wp:attachment":[{"href":"https:\/\/cedins.org\/index.php\/wp-json\/wp\/v2\/media?parent=337"}],"wp:term":[{"taxonomy":"category","embeddable":true,"href":"https:\/\/cedins.org\/index.php\/wp-json\/wp\/v2\/categories?post=337"},{"taxonomy":"post_tag","embeddable":true,"href":"https:\/\/cedins.org\/index.php\/wp-json\/wp\/v2\/tags?post=337"}],"curies":[{"name":"wp","href":"https:\/\/api.w.org\/{rel}","templated":true}]}}