{"id":330,"date":"2012-12-16T15:51:43","date_gmt":"2012-12-16T15:51:43","guid":{"rendered":"https:\/\/cedins.org\/wordpress\/index.php\/2012\/12\/16\/oscar-niemeyer-el-arte-de-la-sorpresa\/"},"modified":"2012-12-16T15:51:43","modified_gmt":"2012-12-16T15:51:43","slug":"oscar-niemeyer-el-arte-de-la-sorpresa","status":"publish","type":"post","link":"https:\/\/cedins.org\/index.php\/2012\/12\/16\/oscar-niemeyer-el-arte-de-la-sorpresa\/","title":{"rendered":"\u00d3scar Niemeyer, el arte de la sorpresa"},"content":{"rendered":"<h3 style=\"padding: 0px; margin: 0px; font-style: oblique; font-variant: normal; font-weight: normal; font-size: 14px; line-height: 20px; font-family: Arial, Helvetica, sans-serif; color: #000000; letter-spacing: normal; orphans: 2; text-align: left; text-indent: 0px; text-transform: none; white-space: normal; widows: 2; word-spacing: 0px; -webkit-text-size-adjust: auto; -webkit-text-stroke-width: 0px; background-color: #ffffff;\">Uno de los arquitectos m\u00e1s importantes de los \u00faltimos tiempos, disc\u00edpulo de Le Corbusier y uno de los constructores de Brasilia, capital de Brasil.<\/h3>\n<p style=\"padding: 0px; margin: 20px 0px 0px; font-style: normal; font-variant: normal; font-weight: normal; font-size: 16px; line-height: 24px; font-family: Arial,Helvetica,sans-serif; color: #333333; letter-spacing: normal; orphans: 2; text-align: center; text-indent: 0px; text-transform: none; white-space: normal; widows: 2; word-spacing: 0px; background-color: #ffffff;\"><img decoding=\"async\" src=\"images\/stories\/1a8ffca9b942d0c7e0b05dcb71a24b34.jpg\" border=\"0\" style=\"border: 1px solid black; margin: 1px;\" \/><\/p>\n<p style=\"padding: 0px; margin: 20px 0px 0px; font-style: normal; font-variant: normal; font-weight: normal; font-size: 16px; line-height: 24px; font-family: Arial, Helvetica, sans-serif; color: #333333; letter-spacing: normal; orphans: 2; text-align: left; text-indent: 0px; text-transform: none; white-space: normal; widows: 2; word-spacing: 0px; -webkit-text-size-adjust: auto; -webkit-text-stroke-width: 0px; background-color: #ffffff;\">\u201cLe confieso que estoy un poco cansado de hablar de arquitectura. M\u00e1s importante que la arquitectura es protestar en la calle. Se debe pensar en la pol\u00edtica, en la miseria, buscar colaborar. Y cuando se piensa que la cosa est\u00e1 demasiado mala y no hay esperanza en el coraz\u00f3n de los hombres, es la revoluci\u00f3n\u201d: \u00d3scar Niemeyer.<\/p>\n<p style=\"padding: 0px; margin: 20px 0px 0px; font-style: normal; font-variant: normal; font-weight: normal; font-size: 16px; line-height: 24px; font-family: Arial, Helvetica, sans-serif; color: #333333; letter-spacing: normal; orphans: 2; text-align: left; text-indent: 0px; text-transform: none; white-space: normal; widows: 2; word-spacing: 0px; -webkit-text-size-adjust: auto; -webkit-text-stroke-width: 0px; background-color: #ffffff;\">Cat\u00f3lico, pero comunista. Disc\u00edpulo de Le Corbusier aunque amante de las curvas. Con m\u00e1s de cien a\u00f1os, pero siempre activo. Humilde y venerado. Un hombre simple con una obra monumental, literalmente hablando. \u201cLo importante es la mujer, \u00bfno? Lo dem\u00e1s es broma\u201d.<\/p>\n<p style=\"padding: 0px; margin: 20px 0px 0px; font-style: normal; font-variant: normal; font-weight: normal; font-size: 16px; line-height: 24px; font-family: Arial, Helvetica, sans-serif; color: #333333; letter-spacing: normal; orphans: 2; text-align: left; text-indent: 0px; text-transform: none; white-space: normal; widows: 2; word-spacing: 0px; -webkit-text-size-adjust: auto; -webkit-text-stroke-width: 0px; background-color: #ffffff;\">Niemeyer, junto con varios otros intelectuales de los a\u00f1os 30, se encarg\u00f3 de so\u00f1ar un pa\u00eds, de edificar todo un futuro partiendo del dibujo y siguiendo con el concreto, pero siempre al servicio del hombre.<\/p>\n<p style=\"padding: 0px; margin: 20px 0px 0px; font-style: normal; font-variant: normal; font-weight: normal; font-size: 16px; line-height: 24px; font-family: Arial, Helvetica, sans-serif; color: #333333; letter-spacing: normal; orphans: 2; text-align: left; text-indent: 0px; text-transform: none; white-space: normal; widows: 2; word-spacing: 0px; -webkit-text-size-adjust: auto; -webkit-text-stroke-width: 0px; background-color: #ffffff;\">Un gran pesimista, realista lo llamar\u00edan algunos, Niemeyer encontr\u00f3 en la belleza una expresi\u00f3n de igualdad, una suerte de redenci\u00f3n para una especie demasiado entregada al odio y las distinciones. Su arquitectura bien podr\u00eda ser la edificaci\u00f3n de las ideas, una materializaci\u00f3n del anhelo. Alguna vez lo interrogaron en un cuarto sin ventanas, insonorizado, con una persona transcribiendo sus palabras para el eterno registro de la burocracia. \u201c\u00bfQu\u00e9 es lo que quieren ustedes?\u201d, le preguntaron. \u201cCambiar el mundo\u201d, respondi\u00f3. El escribiente, de piel negra, se volte\u00f3: \u201cVa estar dif\u00edcil, \u00bfno?\u201d.<\/p>\n<p style=\"padding: 0px; margin: 20px 0px 0px; font-style: normal; font-variant: normal; font-weight: normal; font-size: 16px; line-height: 24px; font-family: Arial, Helvetica, sans-serif; color: #333333; letter-spacing: normal; orphans: 2; text-align: left; text-indent: 0px; text-transform: none; white-space: normal; widows: 2; word-spacing: 0px; -webkit-text-size-adjust: auto; -webkit-text-stroke-width: 0px; background-color: #ffffff;\">Brasilia: una ciudad nueva para un pa\u00eds nuevo. El pedido del presidente Juscelino Kubitschek fue claro: \u201cNo quiero una capital de provincia. Quiero algo diferente\u201d. El urbanismo qued\u00f3 en manos de Lucio Costa, uno de sus primeros maestros, un arquitecto que tambi\u00e9n desafi\u00f3, en su estilo, el uso convencional del espacio y las formas. En una ocasi\u00f3n, un cliente le dijo: \u201cLe encargu\u00e9 un carruaje y quiere imponerme un autom\u00f3vil\u201d. Los edificios del Gobierno, los palacios y ministerios, los centros de un poder que no deb\u00eda oprimir, sino distribuir, fueron tarea de Niemeyer.<\/p>\n<p style=\"padding: 0px; margin: 20px 0px 0px; font-style: normal; font-variant: normal; font-weight: normal; font-size: 16px; line-height: 24px; font-family: Arial, Helvetica, sans-serif; color: #333333; letter-spacing: normal; orphans: 2; text-align: left; text-indent: 0px; text-transform: none; white-space: normal; widows: 2; word-spacing: 0px; -webkit-text-size-adjust: auto; -webkit-text-stroke-width: 0px; background-color: #ffffff;\">\u201cNiemeyer, quien viv\u00eda en un campamento al lado de las obras de la nueva ciudad, deb\u00eda producir un edificio nuevo cada semana. Claro, ten\u00eda un equipo de arquitectos, pero el dise\u00f1o b\u00e1sico era suyo. Era un gran dibujante, con un sentido fant\u00e1stico de la s\u00edntesis. Hizo obras estupendas, como el Centro C\u00edvico; la catedral, que es bell\u00edsima. Siempre habl\u00f3 mucho de las formas de las mujeres brasile\u00f1as, de sus curvas\u201d. El recuerdo es de Germ\u00e1n Samper, arquitecto colombiano que tambi\u00e9n fue disc\u00edpulo de Le Corbusier.<\/p>\n<p style=\"padding: 0px; margin: 20px 0px 0px; font-style: normal; font-variant: normal; font-weight: normal; font-size: 16px; line-height: 24px; font-family: Arial, Helvetica, sans-serif; color: #333333; letter-spacing: normal; orphans: 2; text-align: left; text-indent: 0px; text-transform: none; white-space: normal; widows: 2; word-spacing: 0px; -webkit-text-size-adjust: auto; -webkit-text-stroke-width: 0px; background-color: #ffffff;\">Su grupo de acompa\u00f1antes y colaboradores inclu\u00eda, adem\u00e1s de ingenieros y arquitectos, periodistas, amigos y, de tanto en tanto, escritores, m\u00fasicos, artistas. La nueva capital deb\u00eda construirse en una especie de asamblea colectiva, de lluvia de ideas para hacer un borrador del ma\u00f1ana. En un viaje hacia Brasilia en avi\u00f3n (aparato al que, por cierto, siempre le temi\u00f3 Niemeyer) un militar le pregunt\u00f3 al arquitecto si el edificio del Ej\u00e9rcito iba a tener un dise\u00f1o cl\u00e1sico. \u201c\u00bfCuando usted va a la guerra prefiere ir con un arma antigua o moderna?\u201d, fue la respuesta. \u201cBrasilia es como una gran escultura, es fant\u00e1stica desde el punto de vista del dise\u00f1o: es una ciudad fuera de la escala del hombre\u201d, remata Samper.<\/p>\n<p style=\"padding: 0px; margin: 20px 0px 0px; font-style: normal; font-variant: normal; font-weight: normal; font-size: 16px; line-height: 24px; font-family: Arial, Helvetica, sans-serif; color: #333333; letter-spacing: normal; orphans: 2; text-align: left; text-indent: 0px; text-transform: none; white-space: normal; widows: 2; word-spacing: 0px; -webkit-text-size-adjust: auto; -webkit-text-stroke-width: 0px; background-color: #ffffff;\">La proximidad a los trabajos le permiti\u00f3 a Niemeyer tener un contacto permanente, no s\u00f3lo con las obras, sino con los trabajadores, pasar la vida entre ellos. \u201cDespu\u00e9s vinieron los pol\u00edticos y los comerciantes y todo fue una porquer\u00eda, las mismas distinciones. Todo igual\u201d. Decepci\u00f3n de creador, de padre. Ya lo hab\u00eda dicho el fil\u00f3sofo: \u201cEl infierno son los otros\u201d.<\/p>\n<p style=\"padding: 0px; margin: 20px 0px 0px; font-style: normal; font-variant: normal; font-weight: normal; font-size: 16px; line-height: 24px; font-family: Arial, Helvetica, sans-serif; color: #333333; letter-spacing: normal; orphans: 2; text-align: left; text-indent: 0px; text-transform: none; white-space: normal; widows: 2; word-spacing: 0px; -webkit-text-size-adjust: auto; -webkit-text-stroke-width: 0px; background-color: #ffffff;\">La arquitectura es invenci\u00f3n. La frase, de Le Corbusier, se convirti\u00f3 en consigna, gu\u00eda siempre fiable para encaminar el proyecto y, de paso, toda una vida.<\/p>\n<p style=\"padding: 0px; margin: 20px 0px 0px; font-style: normal; font-variant: normal; font-weight: normal; font-size: 16px; line-height: 24px; font-family: Arial, Helvetica, sans-serif; color: #333333; letter-spacing: normal; orphans: 2; text-align: left; text-indent: 0px; text-transform: none; white-space: normal; widows: 2; word-spacing: 0px; -webkit-text-size-adjust: auto; -webkit-text-stroke-width: 0px; background-color: #ffffff;\">Lo nuevo vino de la mano de una utilizaci\u00f3n diferente de las formas y un aprovechamiento de un material flexible como el concreto, entre otros aspectos. Niemeyer en sus palabras: \u201cNo es el \u00e1ngulo recto el que me atrae ni la recta, dura, inflexible. Lo que me atrae es la curva libre y sensual. La curva que encuentro en el curso sinuoso de nuestros r\u00edos, en las nubes. De curvas est\u00e1 hecho el universo. El universo curvo de Einstein\u201d.<\/p>\n<p style=\"padding: 0px; margin: 20px 0px 0px; font-style: normal; font-variant: normal; font-weight: normal; font-size: 16px; line-height: 24px; font-family: Arial, Helvetica, sans-serif; color: #333333; letter-spacing: normal; orphans: 2; text-align: left; text-indent: 0px; text-transform: none; white-space: normal; widows: 2; word-spacing: 0px; -webkit-text-size-adjust: auto; -webkit-text-stroke-width: 0px; background-color: #ffffff;\">Y en palabras del escritor Eduardo Galeano: \u201cContra el \u00e1ngulo recto, que ofende el espacio, \u00e9l hizo una arquitectura liviana como las nubes, libre, sensual, que es muy parecida al paisaje de las monta\u00f1as de R\u00edo de Janeiro, que parecen cuerpos de mujeres acostadas, dise\u00f1adas por Dios el d\u00eda en que Dios crey\u00f3 que era Niemeyer\u201d.<\/p>\n<p style=\"padding: 0px; margin: 20px 0px 0px; font-style: normal; font-variant: normal; font-weight: normal; font-size: 16px; line-height: 24px; font-family: Arial, Helvetica, sans-serif; color: #333333; letter-spacing: normal; orphans: 2; text-align: left; text-indent: 0px; text-transform: none; white-space: normal; widows: 2; word-spacing: 0px; -webkit-text-size-adjust: auto; -webkit-text-stroke-width: 0px; background-color: #ffffff;\">Una existencia conducida por la fiebre de la curiosidad, la imposibilidad de parar porque, como lo dijo tantas veces, \u201cla vida es un soplo\u201d. Cientos de edificios, tal vez. Una ciudad entera. Construcciones en Brasil, Argelia, Italia, Francia, por nombrar algunos lugares.<\/p>\n<p style=\"padding: 0px; margin: 20px 0px 0px; font-style: normal; font-variant: normal; font-weight: normal; font-size: 16px; line-height: 24px; font-family: Arial, Helvetica, sans-serif; color: #333333; letter-spacing: normal; orphans: 2; text-align: left; text-indent: 0px; text-transform: none; white-space: normal; widows: 2; word-spacing: 0px; -webkit-text-size-adjust: auto; -webkit-text-stroke-width: 0px; background-color: #ffffff;\">En una ocasi\u00f3n invitaron al arquitecto a participar en un proyecto en Estados Unidos. Fue al consulado a pedir la visa. Se la negaron. \u201c\u00bfEs algo personal?\u201d, pregunt\u00f3. La voz al otro lado del vidrio contest\u00f3 que s\u00ed, que el asunto era personal. \u201cSabe que me alegro, porque si usted me niega la visa quiere decir que no he cambiado\u201d.<\/p>\n<address style=\"padding: 0px; margin: 20px 0px 0px; font-style: normal; font-variant: normal; font-weight: normal; font-size: 16px; line-height: 24px; font-family: Arial, Helvetica, sans-serif; color: #333333; letter-spacing: normal; orphans: 2; text-align: left; text-indent: 0px; text-transform: none; white-space: normal; widows: 2; word-spacing: 0px; -webkit-text-size-adjust: auto; -webkit-text-stroke-width: 0px; background-color: #ffffff;\">Tomado de: www.elespectador.com<br \/><\/address>\n","protected":false},"excerpt":{"rendered":"<p>Uno de los arquitectos m\u00e1s importantes de los \u00faltimos tiempos, disc\u00edpulo de Le Corbusier y uno de los constructores de Brasilia, capital de Brasil. \u201cLe confieso que estoy un poco cansado de hablar de arquitectura. M\u00e1s importante que la arquitectura es protestar en la calle. Se debe pensar en la pol\u00edtica, en la miseria, buscar [&hellip;]<\/p>\n","protected":false},"author":1,"featured_media":0,"comment_status":"open","ping_status":"closed","sticky":false,"template":"","format":"standard","meta":{"footnotes":"","jetpack_publicize_message":"","jetpack_publicize_feature_enabled":true,"jetpack_social_post_already_shared":true,"jetpack_social_options":{"image_generator_settings":{"template":"highway","default_image_id":0,"font":"","enabled":false},"version":2}},"categories":[504],"tags":[],"class_list":["post-330","post","type-post","status-publish","format-standard","hentry","category-ciudades"],"jetpack_publicize_connections":[],"jetpack_featured_media_url":"","_links":{"self":[{"href":"https:\/\/cedins.org\/index.php\/wp-json\/wp\/v2\/posts\/330","targetHints":{"allow":["GET"]}}],"collection":[{"href":"https:\/\/cedins.org\/index.php\/wp-json\/wp\/v2\/posts"}],"about":[{"href":"https:\/\/cedins.org\/index.php\/wp-json\/wp\/v2\/types\/post"}],"author":[{"embeddable":true,"href":"https:\/\/cedins.org\/index.php\/wp-json\/wp\/v2\/users\/1"}],"replies":[{"embeddable":true,"href":"https:\/\/cedins.org\/index.php\/wp-json\/wp\/v2\/comments?post=330"}],"version-history":[{"count":0,"href":"https:\/\/cedins.org\/index.php\/wp-json\/wp\/v2\/posts\/330\/revisions"}],"wp:attachment":[{"href":"https:\/\/cedins.org\/index.php\/wp-json\/wp\/v2\/media?parent=330"}],"wp:term":[{"taxonomy":"category","embeddable":true,"href":"https:\/\/cedins.org\/index.php\/wp-json\/wp\/v2\/categories?post=330"},{"taxonomy":"post_tag","embeddable":true,"href":"https:\/\/cedins.org\/index.php\/wp-json\/wp\/v2\/tags?post=330"}],"curies":[{"name":"wp","href":"https:\/\/api.w.org\/{rel}","templated":true}]}}