{"id":315,"date":"2012-10-25T14:45:02","date_gmt":"2012-10-25T14:45:02","guid":{"rendered":"https:\/\/cedins.org\/wordpress\/index.php\/2012\/10\/25\/colombia-tlc-con-estados-unidos-pone-en-riesgo-la-seguridad-alimentaria\/"},"modified":"2012-10-25T14:45:02","modified_gmt":"2012-10-25T14:45:02","slug":"colombia-tlc-con-estados-unidos-pone-en-riesgo-la-seguridad-alimentaria","status":"publish","type":"post","link":"https:\/\/cedins.org\/index.php\/2012\/10\/25\/colombia-tlc-con-estados-unidos-pone-en-riesgo-la-seguridad-alimentaria\/","title":{"rendered":"Colombia: TLC con Estados Unidos pone en riesgo la seguridad alimentaria"},"content":{"rendered":"<p style=\"text-align: justify;\"><img fetchpriority=\"high\" decoding=\"async\" class=\" alignleft size-full wp-image-314\" src=\"https:\/\/cedins.org\/wordpress\/wp-content\/uploads\/2012\/10\/alimentaria.jpg\" border=\"0\" style=\"border: 3px solid black; float: left; margin: 3px;\" width=\"400\" height=\"300\" srcset=\"https:\/\/cedins.org\/wp-content\/uploads\/2012\/10\/alimentaria.jpg 400w, https:\/\/cedins.org\/wp-content\/uploads\/2012\/10\/alimentaria-300x225.jpg 300w\" sizes=\"(max-width: 400px) 100vw, 400px\" \/>El TLC con Estados Unidos pone en riego la existencia de sectores agrarios, al tiempo que prev\u00e9 una mayor dependencia hacia los v\u00edveres importados y una limitaci\u00f3n en cuanto a la calidad de la dieta de los colombianos.<\/p>\n<p>As\u00ed se desprende de un detallado an\u00e1lisis realizado por el Observatorio de Seguridad Alimentaria y Nutricional (Obs\u00e1n) de la Universidad Nacional de Colombia, en donde tambi\u00e9n se indica que la situaci\u00f3n de avizora m\u00e1s cr\u00edtica si se tiene en cuenta que en el campo el riesgo de desabastecimiento de alimentos ronda el 57,5%.<\/p>\n<p>Seg\u00fan las profesoras Sara del Castillo y Marcela Gordillo Motato, el TLC encuentra al pa\u00eds con profundas brechas en este aspecto, algo que no fue prioridad para el actual Plan de Desarrollo, a pesar de las cifras oficiales difundidas desde 2011 y que corresponden a los resultados de la Encuesta de Nutrici\u00f3n en Colombia 2010 (Ensin).<\/p>\n<p>Colombia cuenta con el documento Conpes 113 de 2008 y con el Decreto 2055 de 2009 del Ministerio de la Protecci\u00f3n Social. El primero estableci\u00f3 la pol\u00edtica nacional en esta materia. El segundo cre\u00f3 la Comisi\u00f3n Intersectorial de Seguridad Alimentaria y Nutricional (Cis\u00e1n). No obstante, el pa\u00eds a\u00fan no tiene definido un plan de seguridad alimentaria y nutricional (SAN), ni mucho menos uno de soberan\u00eda alimentaria, concuerdan en afirmar las expertas.<\/p>\n<p>En el proceso de negociaci\u00f3n, seg\u00fan Luis Jorge Garay \u2014uno de los economistas m\u00e1s destacados del pa\u00eds\u2014 se dio una asimetr\u00eda a favor de EE. UU., pues se logr\u00f3 que el 53,7% de las importaciones que hace esa naci\u00f3n a Colombia quedaran desgravadas inmediatamente y el 41,1%, despu\u00e9s de un a\u00f1o, lo cual corresponde a un total del 94,8% de las exportaciones.<\/p>\n<p>Esto significa que las exportaciones colombianas solo ser\u00e1n de 63.000 toneladas, mientras que las importaciones, de 4.629.000 toneladas. Esto representa un aumento de 191 millones de d\u00f3lares contra 571, respectivamente (Banco de la Rep\u00fablica, 2006).<\/p>\n<p>En cuanto al acceso a los alimentos, el peque\u00f1o y mediano agricultor o campesino ser\u00e1 el m\u00e1s afectado. Al comparar los datos de la Ensin en 2005 y 2010, se evidencia un mayor riesgo para la poblaci\u00f3n rural, con un porcentaje del 57,5%. Es decir, 14,8 puntos porcentuales por encima de la cifra nacional y 19,1 puntos de la de los hogares urbanos.<\/p>\n<p>Adem\u00e1s, se ve claramente que las cifras m\u00e1s altas coinciden con zonas en las cuales hay presencia de monocultivos, ganader\u00eda extensiva, explotaci\u00f3n de recursos o siembra de agrocombustibles, entre otros factores. Este es el caso de departamentos como Nari\u00f1o, Choc\u00f3 y Sucre. All\u00ed, se esperar\u00eda que este tipo de actividades repercutieran positivamente en la calidad de vida de sus habitantes, pero lo que se constata es una situaci\u00f3n adversa y desfavorable.<\/p>\n<p>Por ejemplo, en cuanto a la calidad de la alimentaci\u00f3n de los colombianos, los indicadores regionales de SAN (como deficiencia de micronutrientes) son muy dicientes y se manifiestan de una manera dram\u00e1tica, especialmente en la anemia por deficiencia de hierro que padecen los ni\u00f1os y ni\u00f1as menores de cinco a\u00f1os y cuyas cifras, con respecto al total de la poblaci\u00f3n, son muy altas comparadas con las de otros pa\u00edses de Latinoam\u00e9rica.<\/p>\n<p>Se observa que cerca del 30% de este grupo poblacional tiene anemia en el pa\u00eds, pero la situaci\u00f3n es m\u00e1s cr\u00edtica en territorios como Amazonas (44%), Magdalena (35%), Tolima (35%), Meta (43%) y Nari\u00f1o (40%), lo que evidencia una situaci\u00f3n de emergencia nacional.<\/p>\n<p>Como lo afirma Jean Ziegler, vicepresidente del Comit\u00e9 Asesor del Consejo de Derechos Humanos de Naciones Unidas, el libre comercio es bueno cuando se trata de econom\u00edas \u201cde un mismo nivel de desarrollo\u201d. De lo contrario, se convierte \u201cen un serio peligro para la SAN\u201d, por la quiebra de los productores locales. La experiencia muestra que, cuando hay un TLC entre pa\u00edses con econom\u00edas asim\u00e9tricas, el hambre crece siempre en el pa\u00eds en desventaja, en este caso: Colombia.<\/p>\n<p>Tomado de bilaterals.org<\/p>\n","protected":false},"excerpt":{"rendered":"<p>El TLC con Estados Unidos pone en riego la existencia de sectores agrarios, al tiempo que prev\u00e9 una mayor dependencia hacia los v\u00edveres importados y una limitaci\u00f3n en cuanto a la calidad de la dieta de los colombianos. As\u00ed se desprende de un detallado an\u00e1lisis realizado por el Observatorio de Seguridad Alimentaria y Nutricional (Obs\u00e1n) [&hellip;]<\/p>\n","protected":false},"author":3,"featured_media":314,"comment_status":"open","ping_status":"closed","sticky":false,"template":"","format":"standard","meta":{"footnotes":"","jetpack_publicize_message":"","jetpack_publicize_feature_enabled":true,"jetpack_social_post_already_shared":true,"jetpack_social_options":{"image_generator_settings":{"template":"highway","default_image_id":0,"font":"","enabled":false},"version":2}},"categories":[14],"tags":[164,41,43,260,124,261],"class_list":["post-315","post","type-post","status-publish","format-standard","has-post-thumbnail","hentry","category-tierras-y-territorios","tag-campesinos","tag-cedins","tag-colombia","tag-seguridad-alimentaria","tag-tlc","tag-universidad-nacional"],"jetpack_publicize_connections":[],"jetpack_featured_media_url":"https:\/\/cedins.org\/wp-content\/uploads\/2012\/10\/alimentaria.jpg","_links":{"self":[{"href":"https:\/\/cedins.org\/index.php\/wp-json\/wp\/v2\/posts\/315","targetHints":{"allow":["GET"]}}],"collection":[{"href":"https:\/\/cedins.org\/index.php\/wp-json\/wp\/v2\/posts"}],"about":[{"href":"https:\/\/cedins.org\/index.php\/wp-json\/wp\/v2\/types\/post"}],"author":[{"embeddable":true,"href":"https:\/\/cedins.org\/index.php\/wp-json\/wp\/v2\/users\/3"}],"replies":[{"embeddable":true,"href":"https:\/\/cedins.org\/index.php\/wp-json\/wp\/v2\/comments?post=315"}],"version-history":[{"count":0,"href":"https:\/\/cedins.org\/index.php\/wp-json\/wp\/v2\/posts\/315\/revisions"}],"wp:featuredmedia":[{"embeddable":true,"href":"https:\/\/cedins.org\/index.php\/wp-json\/wp\/v2\/media\/314"}],"wp:attachment":[{"href":"https:\/\/cedins.org\/index.php\/wp-json\/wp\/v2\/media?parent=315"}],"wp:term":[{"taxonomy":"category","embeddable":true,"href":"https:\/\/cedins.org\/index.php\/wp-json\/wp\/v2\/categories?post=315"},{"taxonomy":"post_tag","embeddable":true,"href":"https:\/\/cedins.org\/index.php\/wp-json\/wp\/v2\/tags?post=315"}],"curies":[{"name":"wp","href":"https:\/\/api.w.org\/{rel}","templated":true}]}}