{"id":257,"date":"2012-03-27T15:32:19","date_gmt":"2012-03-27T15:32:19","guid":{"rendered":"https:\/\/cedins.org\/wordpress\/index.php\/2012\/03\/27\/entrevista-con-valter-da-silva-mpa-brasil-multiplicando-semillas-y-produciendo-autonomia-campesina\/"},"modified":"2012-03-27T15:32:19","modified_gmt":"2012-03-27T15:32:19","slug":"entrevista-con-valter-da-silva-mpa-brasil-multiplicando-semillas-y-produciendo-autonomia-campesina","status":"publish","type":"post","link":"https:\/\/cedins.org\/index.php\/2012\/03\/27\/entrevista-con-valter-da-silva-mpa-brasil-multiplicando-semillas-y-produciendo-autonomia-campesina\/","title":{"rendered":"Entrevista con Valter Da Silva (MPA Brasil): multiplicando semillas y produciendo autonom\u00eda campesina"},"content":{"rendered":"<p><img fetchpriority=\"high\" decoding=\"async\" class=\" alignleft size-full wp-image-256\" src=\"https:\/\/cedins.org\/wordpress\/wp-content\/uploads\/2012\/03\/image_mini.jpg\" border=\"0\" style=\"border: 2px solid black; float: left; margin: 2px;\" width=\"380\" height=\"232\" srcset=\"https:\/\/cedins.org\/wp-content\/uploads\/2012\/03\/image_mini.jpg 380w, https:\/\/cedins.org\/wp-content\/uploads\/2012\/03\/image_mini-300x183.jpg 300w\" sizes=\"(max-width: 380px) 100vw, 380px\" \/>Cuidar la semilla multiplic\u00e1ndola y con familias campesinas en el campo es la consigna con la que el Movimiento de Agricultores Peque\u00f1os de Brasil, (MPA) organiza su Fiesta Nacional de la Semilla Criolla que se realizar\u00e1 en Santa Catarina en el pr\u00f3ximo mes de abril.<\/p>\n<p>Seg\u00fan su coordinador, Valter Da Silva, quien participa de la III Conferencia Especial para la Soberan\u00eda Alimentaria, la identidad de este movimiento es la reivindicaci\u00f3n de la econom\u00eda campesina, como econom\u00eda de sistema productivo y no como \u201ccadena\u201d de dependencia hacia el capital y el comercio trasnacional.<\/p>\n<p>Valter dialog\u00f3 en extenso con Radio Mundo Real puntualizando que como parte de la V\u00eda Campesina de Brasil y de la Coordinadora Latinoamericana de Organizaciones del Campo las implicanciones que adquiere el concepto de Soberan\u00eda Alimentaria en la actual coyuntura de crisis econ\u00f3mica y alimentaria a nivel mundial.<\/p>\n<p>Asimismo analiz\u00f3 de qu\u00e9 manera el campesinado puede cumplir con la tarea de alimentar a la poblaci\u00f3n mundial y atemperar el cambio clim\u00e1tico, indicando que su organizaci\u00f3n, que agrupa a unas 100 mil familias instaladas en varias regiones de Brasil, produce unas dos mil toneladas de semillas anualmente, algunas de las cuales han tenido como destino las huertas escolares de Brasil y tambi\u00e9n programas de fomento a la agricultura en Venezuela.<\/p>\n<p>El l\u00edder agricultor campesino tambi\u00e9n se\u00f1al\u00f3 que su organizaci\u00f3n se nutre de cientos de cuadros t\u00e9cnicos e incluso religiosos que comparten la filosof\u00eda del movimiento que camina a la par del Movimiento Sin Tierra. Y aclar\u00f3: \u201cellos luchan por la tierra, nosotros desde la tierra\u201d.<\/p>\n<p>En otro orden Valter critic\u00f3 la idea de \u201cproductor familiar\u201d en el sentido de que limita y torna dependiente al agricultor de determinadas \u201ccadenas productivas\u201d: \u201cnosotros como campesinos hablamos de la creaci\u00f3n de sistemas productivos que son muy diferentes al agronegocio y donde incluso puede tener lugar la producci\u00f3n de energ\u00eda renovable que si lo visualizamos as\u00ed es bien distinto por ejemplo al monocultivo de la ca\u00f1a\u201d.<\/p>\n<p>Escuchar entrevista:<\/p>\n<p><a href=\"http:\/\/www.radiomundoreal.fm\/get.php?file=IMG\/mp3\/valter.mp3&amp;type=audio\/mpeg\">http:\/\/www.radiomundoreal.fm\/IMG\/mp3\/valter.mp3<\/a><\/p>\n","protected":false},"excerpt":{"rendered":"<p>Cuidar la semilla multiplic\u00e1ndola y con familias campesinas en el campo es la consigna con la que el Movimiento de Agricultores Peque\u00f1os de Brasil, (MPA) organiza su Fiesta Nacional de la Semilla Criolla que se realizar\u00e1 en Santa Catarina en el pr\u00f3ximo mes de abril. Seg\u00fan su coordinador, Valter Da Silva, quien participa de la [&hellip;]<\/p>\n","protected":false},"author":3,"featured_media":256,"comment_status":"open","ping_status":"closed","sticky":false,"template":"","format":"standard","meta":{"footnotes":"","jetpack_publicize_message":"","jetpack_publicize_feature_enabled":true,"jetpack_social_post_already_shared":true,"jetpack_social_options":{"image_generator_settings":{"template":"highway","default_image_id":0,"font":"","enabled":false},"version":2}},"categories":[14],"tags":[197,164,41,43,198,199,86],"class_list":["post-257","post","type-post","status-publish","format-standard","has-post-thumbnail","hentry","category-tierras-y-territorios","tag-brasil","tag-campesinos","tag-cedins","tag-colombia","tag-mpa","tag-soberania-alimentaria","tag-tierras"],"jetpack_publicize_connections":[],"jetpack_featured_media_url":"https:\/\/cedins.org\/wp-content\/uploads\/2012\/03\/image_mini.jpg","_links":{"self":[{"href":"https:\/\/cedins.org\/index.php\/wp-json\/wp\/v2\/posts\/257","targetHints":{"allow":["GET"]}}],"collection":[{"href":"https:\/\/cedins.org\/index.php\/wp-json\/wp\/v2\/posts"}],"about":[{"href":"https:\/\/cedins.org\/index.php\/wp-json\/wp\/v2\/types\/post"}],"author":[{"embeddable":true,"href":"https:\/\/cedins.org\/index.php\/wp-json\/wp\/v2\/users\/3"}],"replies":[{"embeddable":true,"href":"https:\/\/cedins.org\/index.php\/wp-json\/wp\/v2\/comments?post=257"}],"version-history":[{"count":0,"href":"https:\/\/cedins.org\/index.php\/wp-json\/wp\/v2\/posts\/257\/revisions"}],"wp:featuredmedia":[{"embeddable":true,"href":"https:\/\/cedins.org\/index.php\/wp-json\/wp\/v2\/media\/256"}],"wp:attachment":[{"href":"https:\/\/cedins.org\/index.php\/wp-json\/wp\/v2\/media?parent=257"}],"wp:term":[{"taxonomy":"category","embeddable":true,"href":"https:\/\/cedins.org\/index.php\/wp-json\/wp\/v2\/categories?post=257"},{"taxonomy":"post_tag","embeddable":true,"href":"https:\/\/cedins.org\/index.php\/wp-json\/wp\/v2\/tags?post=257"}],"curies":[{"name":"wp","href":"https:\/\/api.w.org\/{rel}","templated":true}]}}