{"id":2224,"date":"2019-10-02T21:20:13","date_gmt":"2019-10-02T21:20:13","guid":{"rendered":"https:\/\/cedins.org\/?p=2224"},"modified":"2019-10-02T21:20:44","modified_gmt":"2019-10-02T21:20:44","slug":"nos-oponemos-al-fracking-y-sus-pilotos","status":"publish","type":"post","link":"https:\/\/cedins.org\/index.php\/2019\/10\/02\/nos-oponemos-al-fracking-y-sus-pilotos\/","title":{"rendered":"Nos oponemos al fracking y sus pilotos"},"content":{"rendered":"\n<figure class=\"wp-block-image\"><img fetchpriority=\"high\" decoding=\"async\" width=\"600\" height=\"568\" src=\"https:\/\/cedins.org\/wp-content\/uploads\/2019\/10\/petroleo1019-3.jpg\" alt=\"\" class=\"wp-image-2231\" srcset=\"https:\/\/cedins.org\/wp-content\/uploads\/2019\/10\/petroleo1019-3.jpg 600w, https:\/\/cedins.org\/wp-content\/uploads\/2019\/10\/petroleo1019-3-300x284.jpg 300w\" sizes=\"(max-width: 600px) 100vw, 600px\" \/><\/figure>\n\n\n\n<p>Como es de conocimiento p\u00fablico, al interior de la Uni\u00f3n Sindical Obrera USO, el sindicato petrolero de mayor tradici\u00f3n de lucha en el pa\u00eds, hay dos posturas frente al extractivismo y especialmente sobre la implementaci\u00f3n de la fracturaci\u00f3n hidr\u00e1ulica para la extracci\u00f3n de petr\u00f3leo. En medios y comunicados sindicales el debate se adelanta, a la par que en el pa\u00eds. El d\u00eda 1 de octubre, un grupo de dirigentes de la USO hizo circular un comunicado donde se oponen al fracking. <em><strong>He aqu\u00ed el comunicado: <\/strong><\/em><\/p>\n\n\n\n<p><strong>L<\/strong>os dirigentes de la Junta Nacional de la Uni\u00f3n Sindical Obrera: Oscar Garc\u00eda, Jos\u00e9 Ibarg\u00fcen, Alexis Soto, Ariel Corzo, Wilmer Hern\u00e1ndez, Isnardo G\u00f3mez, Fabio D\u00edaz y David G\u00f3mez, nos dirigimos a los trabajadores y al pa\u00eds para expresar de manera clara y contundente nuestro rechazo en contra de la intenci\u00f3n del gobierno de Iv\u00e1n Duque y Ecopetrol de adelantar la explotaci\u00f3n petrolera mediante la t\u00e9cnica de Fracturamiento Hidr\u00e1ulico en Lutitas, generalmente conocida como fracking, puesto que somos conscientes de los negativos impactos que este tipo de explotaci\u00f3n tiene para el pueblo colombiano y las futuras generaciones, en lo ambiental, econ\u00f3mico, pol\u00edtico y social.<\/p>\n\n\n\n<p>Los retrocesos del Consejo de Estado, que recientemente autoriz\u00f3 a las empresas petroleras para que en el pa\u00eds se adelanten pilotos de Fracking, no son otra cosa que la venia para que se inicie la explotaci\u00f3n por ese sistema y se adecue la legislaci\u00f3n para que estas multinacionales contin\u00faen con el saqueo de nuestros recursos. De otra parte demuestra el compromiso del gobierno y la oligarqu\u00eda criolla con los intereses del gran empresariado multinacional.<\/p>\n\n\n\n<p>Ante ese retroceso legislativo que desoye a la gran mayor\u00eda del pueblo colombiano que le ha dicho NO al fracking mediante las consultas populares regionales, y ante el viraje del gobierno de Iv\u00e1n Duque, quien en campa\u00f1a se\u00f1al\u00f3 no permitir ese tipo de explotaci\u00f3n, pero que ahora esta dispuesto a imponerlo a la fuerza, se hace necesario que la Uni\u00f3n Sindical Obrera fije posici\u00f3n clara frente al tema, ya que hasta ahora el sindicato ha estado por la moratoria, siendo esta una posici\u00f3n que ya no corresponde al momento.<\/p>\n\n\n\n<p>As\u00ed las cosas, en reuni\u00f3n de Junta Directiva Nacional convocada el 24 de septiembre de 2019 cuyo tema principal era definir la postura institucional respecto al fracking, nos encontramos que hay tres posiciones al respecto: una la de dirigentes que comparten la posici\u00f3n del gobierno de adelantar pilotos de fracking; la segunda de los que nos oponemos a la explotaci\u00f3n v\u00eda fracking; y una tercera de aquellos que dicen estar en contra del fracking pero que dudan en expresarlo abiertamente y p\u00fablicamente frente a los trabajadores y comunidad en general.<\/p>\n\n\n\n<p>Desafortunadamente por una decisi\u00f3n mayoritaria de 11 dirigentes contra 9, se omiti\u00f3 dar el debate y tomar la decisi\u00f3n en esta instancia, para trasladar la responsabilidad a la Asamblea Nacional de Delegados, que sesionar\u00e1 a finales de noviembre de este a\u00f1o.<\/p>\n\n\n\n<p>Los dirigentes nacionales que firmamos esta comunicaci\u00f3n, consideramos un error de la fracci\u00f3n mayoritaria de la Junta Nacional, pues \u00e9sta tiene dentro de sus responsabilidades pol\u00edticas fijar posiciones claras, con sustento t\u00e9cnico, econ\u00f3mico, ideol\u00f3gico y pol\u00edtico que gu\u00eden a la base de trabajadores en el tratamiento de los temas trascendentes para el sindicato. Tambi\u00e9n es un error no habilitar los espacios de debate en asambleas regionales y en la base para que desde all\u00ed los trabajadores tomen sus decisiones.<\/p>\n\n\n\n<p>La decisi\u00f3n tomada por los 11 miembros del bloque mayoritario, que no fija posici\u00f3n ni habilita la discusi\u00f3n democr\u00e1tica, es una postura que alimenta un camino sin mucho ruido para la implementaci\u00f3n del fracking, avala la postura del gobierno y de Ecopetrol, y deja la responsabilidad pol\u00edtica en manos de los delegados a la Asamblea Nacional.<\/p>\n\n\n\n<p>Por estas razones, convocamos a los trabajadores en todas las subdirectivas para que en octubre y noviembre del 2019 promuevan la realizaci\u00f3n de asambleas regionales de trabajadores y en estas se aborde de manera prioritaria el tema del fracking, de tal manera que sus decisiones sean entregadas a sus delegados, quienes deben defenderlas en la proxima Asamblea Nacional de delegados.<\/p>\n\n\n\n<p>Redact\u00f3: Bloque Clasista, Octubre 1 de 2019<br> \u00a1NOSOTROS DECIMOS NO AL FRACKING!<br> VIVA LA USO\u2026. \u00a1VIVA!<br> \u00a1NO MAS DESPIDOS EN ECOPETROL!<\/p>\n\n\n\n<p><strong>Para alimentar el debate sobre el tema: <\/strong>Libro: 20 Mitos y realidades del fracking <\/p>\n\n\n\n<div class=\"wp-block-file\"><a href=\"https:\/\/cedins.org\/wp-content\/uploads\/2019\/10\/20_mitos.pdf\">20_mitos<\/a><a href=\"https:\/\/cedins.org\/wp-content\/uploads\/2019\/10\/20_mitos.pdf\" class=\"wp-block-file__button\" download>Download<\/a><\/div>\n","protected":false},"excerpt":{"rendered":"<p>Como es de conocimiento p\u00fablico, al interior de la Uni\u00f3n Sindical Obrera USO, el sindicato petrolero de mayor tradici\u00f3n de lucha en el pa\u00eds, hay dos posturas frente al extractivismo y especialmente sobre la implementaci\u00f3n de la fracturaci\u00f3n hidr\u00e1ulica para la extracci\u00f3n de petr\u00f3leo. En medios y comunicados sindicales el debate se adelanta, a la [&hellip;]<\/p>\n","protected":false},"author":3,"featured_media":2231,"comment_status":"open","ping_status":"closed","sticky":false,"template":"","format":"standard","meta":{"footnotes":"","jetpack_publicize_message":"","jetpack_publicize_feature_enabled":true,"jetpack_social_post_already_shared":true,"jetpack_social_options":{"image_generator_settings":{"template":"highway","default_image_id":0,"font":"","enabled":false},"version":2}},"categories":[13,518,1],"tags":[41,43,482,474,585,375],"class_list":["post-2224","post","type-post","status-publish","format-standard","has-post-thumbnail","hentry","category-minero-energetico","category-movimientos-sociales","category-uncategorized","tag-cedins","tag-colombia","tag-crisis-ambiental","tag-crisis-energetica","tag-fracking","tag-uso"],"jetpack_publicize_connections":[],"jetpack_featured_media_url":"https:\/\/cedins.org\/wp-content\/uploads\/2019\/10\/petroleo1019-3.jpg","_links":{"self":[{"href":"https:\/\/cedins.org\/index.php\/wp-json\/wp\/v2\/posts\/2224","targetHints":{"allow":["GET"]}}],"collection":[{"href":"https:\/\/cedins.org\/index.php\/wp-json\/wp\/v2\/posts"}],"about":[{"href":"https:\/\/cedins.org\/index.php\/wp-json\/wp\/v2\/types\/post"}],"author":[{"embeddable":true,"href":"https:\/\/cedins.org\/index.php\/wp-json\/wp\/v2\/users\/3"}],"replies":[{"embeddable":true,"href":"https:\/\/cedins.org\/index.php\/wp-json\/wp\/v2\/comments?post=2224"}],"version-history":[{"count":3,"href":"https:\/\/cedins.org\/index.php\/wp-json\/wp\/v2\/posts\/2224\/revisions"}],"predecessor-version":[{"id":2235,"href":"https:\/\/cedins.org\/index.php\/wp-json\/wp\/v2\/posts\/2224\/revisions\/2235"}],"wp:featuredmedia":[{"embeddable":true,"href":"https:\/\/cedins.org\/index.php\/wp-json\/wp\/v2\/media\/2231"}],"wp:attachment":[{"href":"https:\/\/cedins.org\/index.php\/wp-json\/wp\/v2\/media?parent=2224"}],"wp:term":[{"taxonomy":"category","embeddable":true,"href":"https:\/\/cedins.org\/index.php\/wp-json\/wp\/v2\/categories?post=2224"},{"taxonomy":"post_tag","embeddable":true,"href":"https:\/\/cedins.org\/index.php\/wp-json\/wp\/v2\/tags?post=2224"}],"curies":[{"name":"wp","href":"https:\/\/api.w.org\/{rel}","templated":true}]}}