{"id":1937,"date":"2019-07-18T20:34:19","date_gmt":"2019-07-18T20:34:19","guid":{"rendered":"https:\/\/cedins.org\/?p=1937"},"modified":"2019-07-18T20:34:27","modified_gmt":"2019-07-18T20:34:27","slug":"transporte-informal-no-precario-apuntes-para-una-solucion-concertada","status":"publish","type":"post","link":"https:\/\/cedins.org\/index.php\/2019\/07\/18\/transporte-informal-no-precario-apuntes-para-una-solucion-concertada\/","title":{"rendered":"Transporte informal no precario, apuntes para una soluci\u00f3n concertada."},"content":{"rendered":"\n<p>Transcripci\u00f3n de la intervenci\u00f3n de Santiago Salinas en el Foro p\u00fablico: desempleo, informalidad y mototaxismo, realizado el lunes 15 de julio de 2019 en la ciudad de Popay\u00e1n. <\/p>\n\n\n\n<p>Se propone un fondo parafiscal concurrente con la finalidad de cubrir los principales elementos de precariedad asociados al mototrabajo. El fondo que podr\u00eda ser administrado por la Asociaci\u00f3n de mototrabajadores o por una fiducia, y no en cabeza de la administraci\u00f3n con la finalidad de no generar confusiones respecto a la relaci\u00f3n de dependencia, se nutrir\u00eda de recursos propios de los Asociados, y de un aporte proporcional al aporte de los afiliados por parte de la administraci\u00f3n. <\/p>\n\n\n\n<figure class=\"wp-block-image\"><img fetchpriority=\"high\" decoding=\"async\" width=\"700\" height=\"335\" src=\"https:\/\/cedins.org\/wp-content\/uploads\/2019\/07\/foross.jpg\" alt=\"\" class=\"wp-image-1939\" srcset=\"https:\/\/cedins.org\/wp-content\/uploads\/2019\/07\/foross.jpg 700w, https:\/\/cedins.org\/wp-content\/uploads\/2019\/07\/foross-300x144.jpg 300w\" sizes=\"(max-width: 700px) 100vw, 700px\" \/><\/figure>\n\n\n\n<div class=\"wp-block-file\"><a href=\"https:\/\/cedins.org\/wp-content\/uploads\/2019\/07\/ponencia_foro_final180719.pdf\">ponencia_foro_final180719<\/a><a href=\"https:\/\/cedins.org\/wp-content\/uploads\/2019\/07\/ponencia_foro_final180719.pdf\" class=\"wp-block-file__button\" download>Download<\/a><\/div>\n","protected":false},"excerpt":{"rendered":"<p>Transcripci\u00f3n de la intervenci\u00f3n de Santiago Salinas en el Foro p\u00fablico: desempleo, informalidad y mototaxismo, realizado el lunes 15 de julio de 2019 en la ciudad de Popay\u00e1n. Se propone un fondo parafiscal concurrente con la finalidad de cubrir los principales elementos de precariedad asociados al mototrabajo. El fondo que podr\u00eda ser administrado por la [&hellip;]<\/p>\n","protected":false},"author":3,"featured_media":1939,"comment_status":"open","ping_status":"closed","sticky":false,"template":"","format":"standard","meta":{"footnotes":"","jetpack_publicize_message":"","jetpack_publicize_feature_enabled":true,"jetpack_social_post_already_shared":true,"jetpack_social_options":{"image_generator_settings":{"template":"highway","default_image_id":0,"font":"","enabled":false},"version":2}},"categories":[4],"tags":[41,43,453,578,575,574],"class_list":["post-1937","post","type-post","status-publish","format-standard","has-post-thumbnail","hentry","category-sindical","tag-cedins","tag-colombia","tag-informalidad","tag-precariedad-laboral","tag-sunmcol","tag-trabajo-digno"],"jetpack_publicize_connections":[],"jetpack_featured_media_url":"https:\/\/cedins.org\/wp-content\/uploads\/2019\/07\/foross.jpg","_links":{"self":[{"href":"https:\/\/cedins.org\/index.php\/wp-json\/wp\/v2\/posts\/1937","targetHints":{"allow":["GET"]}}],"collection":[{"href":"https:\/\/cedins.org\/index.php\/wp-json\/wp\/v2\/posts"}],"about":[{"href":"https:\/\/cedins.org\/index.php\/wp-json\/wp\/v2\/types\/post"}],"author":[{"embeddable":true,"href":"https:\/\/cedins.org\/index.php\/wp-json\/wp\/v2\/users\/3"}],"replies":[{"embeddable":true,"href":"https:\/\/cedins.org\/index.php\/wp-json\/wp\/v2\/comments?post=1937"}],"version-history":[{"count":1,"href":"https:\/\/cedins.org\/index.php\/wp-json\/wp\/v2\/posts\/1937\/revisions"}],"predecessor-version":[{"id":1940,"href":"https:\/\/cedins.org\/index.php\/wp-json\/wp\/v2\/posts\/1937\/revisions\/1940"}],"wp:featuredmedia":[{"embeddable":true,"href":"https:\/\/cedins.org\/index.php\/wp-json\/wp\/v2\/media\/1939"}],"wp:attachment":[{"href":"https:\/\/cedins.org\/index.php\/wp-json\/wp\/v2\/media?parent=1937"}],"wp:term":[{"taxonomy":"category","embeddable":true,"href":"https:\/\/cedins.org\/index.php\/wp-json\/wp\/v2\/categories?post=1937"},{"taxonomy":"post_tag","embeddable":true,"href":"https:\/\/cedins.org\/index.php\/wp-json\/wp\/v2\/tags?post=1937"}],"curies":[{"name":"wp","href":"https:\/\/api.w.org\/{rel}","templated":true}]}}