{"id":170,"date":"2011-07-25T20:37:11","date_gmt":"2011-07-25T20:37:11","guid":{"rendered":"https:\/\/cedins.org\/wordpress\/index.php\/2011\/07\/25\/equipo-de-tierras-y-territorios\/"},"modified":"2011-07-25T20:37:11","modified_gmt":"2011-07-25T20:37:11","slug":"equipo-de-tierras-y-territorios","status":"publish","type":"post","link":"https:\/\/cedins.org\/index.php\/2011\/07\/25\/equipo-de-tierras-y-territorios\/","title":{"rendered":"Vamos para la Escuela!!!"},"content":{"rendered":"<div><img fetchpriority=\"high\" decoding=\"async\" class=\" alignleft size-full wp-image-169\" src=\"https:\/\/cedins.org\/wordpress\/wp-content\/uploads\/2011\/07\/palweb.jpg\" border=\"0\" width=\"400\" height=\"300\" style=\"float: left; margin: 2px; border: 2px solid black;\" srcset=\"https:\/\/cedins.org\/wp-content\/uploads\/2011\/07\/palweb.jpg 400w, https:\/\/cedins.org\/wp-content\/uploads\/2011\/07\/palweb-300x225.jpg 300w\" sizes=\"(max-width: 400px) 100vw, 400px\" \/><\/div>\n<div style=\"text-align: justify;\">\u00a0<\/div>\n<div style=\"text-align: justify;\">Del 25 al 28 de Julio, se d\u00e1 inicio a la 3ra Sesi\u00f3n de la<span style=\"text-decoration: underline;\"><strong> Escuela Politica Intercultural, Sembrando Resistencias, del Coordinador Nacional Agrario<\/strong><\/span>, en Chinauta-Cundinamarca, con la participaci\u00f3n de organizaciones de diversas regiones de Colombia, entre las que se cuentan: Sur de Bolivar, Antioquia, Catatumbo, Valle, Choc\u00f3, Tolima, Huila, Arauca, Cauca y Nari\u00f1o. Con aproximadamente 35 participantes, entre los educadores del equipo de tierras y territorios del Ced-Ins, los escuelantes, y algunos conferencistas invitados.<\/div>\n<div>\u00a0<\/div>\n<div>Se trabajar\u00e1 durante cuatro dias temas como: Plan nacional de desarrollo y politicas de gobierno frente al sector rural, Coyuntura nacional, Plataforma CNA, Plan de acci\u00f3n 2011, adem\u00e1s de un espacio de empalme entre la sesi\u00f3n anterior y la actual; tertulias, \u00a0talleres de lecturas. Por los invitados se encuentra el tema de Identidad y Cultura, y Los sujetos en el territorio urbano, reconocimiento y empoderamiento en la Ciudad.<\/div>\n<div>\u00a0<\/div>\n<div>Las jornadas de trabajo ser\u00e1n desde las 7:00 am, hasta las 7:00 pm, con intervalos para momentos culturales y descansos.<\/div>\n<div>\u00a0<\/div>\n<div>\u00a0<\/div>\n<div>La escuela Politica Intercultural, Sembrando Resistencias, del Coordinador Nacional Agrario, se promueve y se contruye con el apoyo de todos y todas las organizaciones asociadas al CNA, y acompa\u00f1amiento del CED-INS, para fortalecer los procesos organizativos de cada una de las regiones y organizaciones que la componen, integradas al CNA. Se trata de formaci\u00f3n sobre elementos de analisis, comprensi\u00f3n y reconocimiento de politicas, derechos y enfoques que revise el sector rural en Colombia, adem\u00e1s de consolidar el proyecto del Coordinador Nacional Agrario, desde la identidad, la cultura, el arraigo y amor por la tierra y el territorio.<\/div>\n<div>\u00a0<\/div>\n<div>Los temas que se construyen desde esta escuela permanente son: Contexto Nacional e Internacional (coyuntura), Conflictos territoriales, Sujetos y Organizaci\u00f3n, interculturalidad, economia solidaria, Politicas y leyes para el sector rural y Derechos Humanos.<\/div>\n","protected":false},"excerpt":{"rendered":"<p>\u00a0 Del 25 al 28 de Julio, se d\u00e1 inicio a la 3ra Sesi\u00f3n de la Escuela Politica Intercultural, Sembrando Resistencias, del Coordinador Nacional Agrario, en Chinauta-Cundinamarca, con la participaci\u00f3n de organizaciones de diversas regiones de Colombia, entre las que se cuentan: Sur de Bolivar, Antioquia, Catatumbo, Valle, Choc\u00f3, Tolima, Huila, Arauca, Cauca y Nari\u00f1o. [&hellip;]<\/p>\n","protected":false},"author":1,"featured_media":169,"comment_status":"open","ping_status":"closed","sticky":false,"template":"","format":"standard","meta":{"footnotes":"","jetpack_publicize_message":"","jetpack_publicize_feature_enabled":true,"jetpack_social_post_already_shared":true,"jetpack_social_options":{"image_generator_settings":{"template":"highway","default_image_id":0,"font":"","enabled":false},"version":2}},"categories":[14],"tags":[71],"class_list":["post-170","post","type-post","status-publish","format-standard","has-post-thumbnail","hentry","category-tierras-y-territorios","tag-escuela-politica-cna"],"jetpack_publicize_connections":[],"jetpack_featured_media_url":"https:\/\/cedins.org\/wp-content\/uploads\/2011\/07\/palweb.jpg","_links":{"self":[{"href":"https:\/\/cedins.org\/index.php\/wp-json\/wp\/v2\/posts\/170","targetHints":{"allow":["GET"]}}],"collection":[{"href":"https:\/\/cedins.org\/index.php\/wp-json\/wp\/v2\/posts"}],"about":[{"href":"https:\/\/cedins.org\/index.php\/wp-json\/wp\/v2\/types\/post"}],"author":[{"embeddable":true,"href":"https:\/\/cedins.org\/index.php\/wp-json\/wp\/v2\/users\/1"}],"replies":[{"embeddable":true,"href":"https:\/\/cedins.org\/index.php\/wp-json\/wp\/v2\/comments?post=170"}],"version-history":[{"count":0,"href":"https:\/\/cedins.org\/index.php\/wp-json\/wp\/v2\/posts\/170\/revisions"}],"wp:featuredmedia":[{"embeddable":true,"href":"https:\/\/cedins.org\/index.php\/wp-json\/wp\/v2\/media\/169"}],"wp:attachment":[{"href":"https:\/\/cedins.org\/index.php\/wp-json\/wp\/v2\/media?parent=170"}],"wp:term":[{"taxonomy":"category","embeddable":true,"href":"https:\/\/cedins.org\/index.php\/wp-json\/wp\/v2\/categories?post=170"},{"taxonomy":"post_tag","embeddable":true,"href":"https:\/\/cedins.org\/index.php\/wp-json\/wp\/v2\/tags?post=170"}],"curies":[{"name":"wp","href":"https:\/\/api.w.org\/{rel}","templated":true}]}}