{"id":167,"date":"2011-07-12T20:56:28","date_gmt":"2011-07-12T20:56:28","guid":{"rendered":"https:\/\/cedins.org\/wordpress\/index.php\/2011\/07\/12\/segunda-sesion-tpc\/"},"modified":"2011-07-12T20:56:28","modified_gmt":"2011-07-12T20:56:28","slug":"segunda-sesion-tpc","status":"publish","type":"post","link":"https:\/\/cedins.org\/index.php\/2011\/07\/12\/segunda-sesion-tpc\/","title":{"rendered":"SEGUNDA SESI\u00d3N TPC"},"content":{"rendered":"<p style=\"text-align: center;\" align=\"center\"><b>UN TALLER PERMANENTE PARA PENSAR LA CIUDAD<\/b><\/p>\n<p style=\"text-align: justify;\"><b><span style=\"text-decoration: underline;\">Segunda Sesi\u00f3n:<\/span><\/b><\/p>\n<p style=\"text-align: justify;\">La segunda sesi\u00f3n del <b><i>Taller Permanente de Ciudad<\/i><\/b> buscaba trabajar alrededor de la siguiente hip\u00f3tesis:<\/p>\n<p style=\"text-align: justify;\"><strong>\u201cel desplazamiento intraurbano y los conflictos alrededor de la valorizaci\u00f3n catastral, son provocados por la especulaci\u00f3n sobre el suelo a trav\u00e9s de megaproyectos en la ciudad.<span style=\"text-decoration: underline;\">&nbsp;<\/span><\/strong><\/p>\n<p style=\"text-align: justify;\">\u00a0<\/p>\n<p style=\"text-align: justify;\">Para esta sesi\u00f3n contamos con la participaci\u00f3n de Luz Dary Le\u00f3n, ingeniera catastral, quien de forma sucinta y clara explic\u00f3 algunos conceptos centrales para la comprensi\u00f3n del actual proceso de valorizaci\u00f3n del suelo de la ciudad. Desde preguntas muy concretas acerca del aumento en los impuestos, o de la falta de claridad sobre los procesos de avalu\u00f3 en algunos sectores de la ciudad, logramos conocer conceptos como \u201cvalor comercial\u201d, \u201cavalu\u00f3 catastral\u201d, \u201cvalorizaci\u00f3n\u201d y \u201cplusval\u00eda del suelo\u201d<\/p>\n<p style=\"text-align: justify;\">En un segundo momento, y para contrastar las precisiones t\u00e9cnicas con las discusiones pol\u00edticas, el investigador Jhon Jairo Rinc\u00f3n problematiz\u00f3 el actual \u201cmodelo de ciudad\u201d, que ha implicado varios procesos que nos permitieron comprender los cambios que hemos venido observando los \u00faltimos a\u00f1os y que de no consolidar una propuesta alternativa desde los sectores populares, ser\u00e1 el modelo hegem\u00f3nico y dominante. Algunos de los aspectos mencionados de este modelo son:<\/p>\n<ol style=\"list-style-type: lower-roman; text-align: justify;\">\n<li>La poblaci\u00f3n cambi\u00f3 de lugar de vivienda del campo a la ciudad, generando unas grandes ciudades, rompiendo el equilibrio econ\u00f3mico entre lo rural y lo urbano. En este sentido Bogot\u00e1 paso a ser r\u00e1pidamente el principal nodo econ\u00f3mico del pa\u00eds<\/li>\n<li>Se ha promovido una sobre-especializaci\u00f3n del uso del suelo, generando una divisi\u00f3n de la ciudad por actividades econ\u00f3micas: zonas de vivienda, zonas industriales, zonas comerciales, zonas de servicios.<\/li>\n<li>El sector privado ocupa un lugar predominante y hegem\u00f3nico en las discusiones p\u00fablicas de la ciudad. No solo como actores hegem\u00f3nicos, sino imponiendo l\u00f3gicas empresariales a la administraci\u00f3n distrital y desplazando las discusiones pol\u00edticas y sociales al plano de lo estad\u00edstico.<\/li>\n<li>Actualmente la ciudad se piensa de manera conjunta (UPZ, localidades, cuadrantes), con un enfoque territorial que facilita proyectar la ciudad regi\u00f3n, y los procesos de conurbaci\u00f3n y de \u00e1rea metropolitana. Este enfoque desconoce el proceso hist\u00f3rico de \u201cautoproducci\u00f3n\u201d de la la ciudad, que caracteriz\u00f3 el crecimiento de Bogot\u00e1 en los 70&#8217;s gracias a acciones comunitarias que, diferenciadas de lo p\u00fablico como acci\u00f3n del Estado, gener\u00f3 barrios, vida comunitaria, cohesi\u00f3n social y solidaridad en la ciudad.<\/li>\n<li>La planeaci\u00f3n se viene haciendo a largo plazo pero su ejecuci\u00f3n se realiza en proyectos en el corto plazo, que invisibilizan las intenciones y verdaderas transformaciones del actual modelo de ciudad<\/li>\n<li>Este modelo requiere un redise\u00f1o institucional (normas, instituciones) para el cumplimiento de los prop\u00f3sitos del capital. En este sentido, la \u201carmonizaci\u00f3n\u201d entre pol\u00edticas nacionales y locales, garantiza el cumplimiento del est\u00e1ndar global del ciudad que el capitalismo requiere de Bogot\u00e1<\/li>\n<\/ol>\n<p style=\"text-align: justify;\">Teniendo en cuenta este modelo de ciudad es urgente revalorizar y recuperar los procesos de construcci\u00f3n de ciudad llevada a cabo por los sectores populares. Esta ciudad construida por los \u201cpobres\u201d garantizaba la vivienda, el trabajo y la recreaci\u00f3n en las mismas \u201ccuadras del barrio\u201d, ya que no exist\u00eda el nivel de especializaci\u00f3n que vemos hoy, y basaba su seguridad en la solidaridad y en la cohesi\u00f3n social generada por la vida comunitaria.<\/p>\n","protected":false},"excerpt":{"rendered":"<p>UN TALLER PERMANENTE PARA PENSAR LA CIUDAD Segunda Sesi\u00f3n: La segunda sesi\u00f3n del Taller Permanente de Ciudad buscaba trabajar alrededor de la siguiente hip\u00f3tesis: \u201cel desplazamiento intraurbano y los conflictos alrededor de la valorizaci\u00f3n catastral, son provocados por la especulaci\u00f3n sobre el suelo a trav\u00e9s de megaproyectos en la ciudad.&nbsp; \u00a0 Para esta sesi\u00f3n contamos [&hellip;]<\/p>\n","protected":false},"author":3,"featured_media":0,"comment_status":"open","ping_status":"closed","sticky":false,"template":"","format":"standard","meta":{"footnotes":"","jetpack_publicize_message":"","jetpack_publicize_feature_enabled":true,"jetpack_social_post_already_shared":true,"jetpack_social_options":{"image_generator_settings":{"template":"highway","default_image_id":0,"font":"","enabled":false},"version":2}},"categories":[504],"tags":[],"class_list":["post-167","post","type-post","status-publish","format-standard","hentry","category-ciudades"],"jetpack_publicize_connections":[],"jetpack_featured_media_url":"","_links":{"self":[{"href":"https:\/\/cedins.org\/index.php\/wp-json\/wp\/v2\/posts\/167","targetHints":{"allow":["GET"]}}],"collection":[{"href":"https:\/\/cedins.org\/index.php\/wp-json\/wp\/v2\/posts"}],"about":[{"href":"https:\/\/cedins.org\/index.php\/wp-json\/wp\/v2\/types\/post"}],"author":[{"embeddable":true,"href":"https:\/\/cedins.org\/index.php\/wp-json\/wp\/v2\/users\/3"}],"replies":[{"embeddable":true,"href":"https:\/\/cedins.org\/index.php\/wp-json\/wp\/v2\/comments?post=167"}],"version-history":[{"count":0,"href":"https:\/\/cedins.org\/index.php\/wp-json\/wp\/v2\/posts\/167\/revisions"}],"wp:attachment":[{"href":"https:\/\/cedins.org\/index.php\/wp-json\/wp\/v2\/media?parent=167"}],"wp:term":[{"taxonomy":"category","embeddable":true,"href":"https:\/\/cedins.org\/index.php\/wp-json\/wp\/v2\/categories?post=167"},{"taxonomy":"post_tag","embeddable":true,"href":"https:\/\/cedins.org\/index.php\/wp-json\/wp\/v2\/tags?post=167"}],"curies":[{"name":"wp","href":"https:\/\/api.w.org\/{rel}","templated":true}]}}