{"id":164,"date":"2011-07-11T20:22:37","date_gmt":"2011-07-11T20:22:37","guid":{"rendered":"https:\/\/cedins.org\/wordpress\/index.php\/2011\/07\/11\/luis-nieto-pereira-pedro-ramiro\/"},"modified":"2018-07-21T00:45:37","modified_gmt":"2018-07-21T00:45:37","slug":"luis-nieto-pereira-pedro-ramiro","status":"publish","type":"post","link":"https:\/\/cedins.org\/index.php\/2011\/07\/11\/luis-nieto-pereira-pedro-ramiro\/","title":{"rendered":"Nuestras multinacionales no nos representan."},"content":{"rendered":"<div><img fetchpriority=\"high\" decoding=\"async\" class=\" alignleft size-full wp-image-163\" style=\"float: left; margin: 2px;\" src=\"https:\/\/cedins.org\/wordpress\/wp-content\/uploads\/2011\/07\/colonialismo.jpg\" width=\"600\" height=\"274\" srcset=\"https:\/\/cedins.org\/wp-content\/uploads\/2011\/07\/colonialismo.jpg 600w, https:\/\/cedins.org\/wp-content\/uploads\/2011\/07\/colonialismo-300x137.jpg 300w\" sizes=\"(max-width: 600px) 100vw, 600px\" \/>\u201cNuestras empresas\u201d. Durante la \u00faltima d\u00e9cada, hemos visto c\u00f3mo en infinidad de ocasiones los gobernantes y los medios de comunicaci\u00f3n se refer\u00edan as\u00ed a las grandes corporaciones espa\u00f1olas: \u201cNuestras empresas est\u00e1n en Am\u00e9rica Latina para quedarse, se trata de una apuesta de Estado que no tiene marcha atr\u00e1s\u201d, dec\u00edan desde el gobierno de Zapatero hace dos a\u00f1os. De este modo, el discurso oficial insist\u00eda en que viv\u00edamos en el mejor de los mundos posibles y, en \u00e9l, \u201cnuestras multinacionales\u201d eran la principal fuente de riqueza para el pa\u00eds. Por eso, se argumentaba que hab\u00eda que defenderlas costara lo que costara, dando por hecho que su aumento de ingresos era el nuestro, y pareciendo as\u00ed que todos y todas fu\u00e9ramos accionistas de dichas compa\u00f1\u00edas.<\/div>\n<div><\/div>\n<div>La crisis, lejos de acabar con esta idea, la ha reforzado a\u00fan m\u00e1s: ante la recesi\u00f3n econ\u00f3mica que se vive en el Estado espa\u00f1ol, las multinacionales han decidido volcarse en otros mercados para poder seguir aumentando sus extraordinarios resultados, [1] para lo cual han contado con el apoyo de la acci\u00f3n exterior y las relaciones diplom\u00e1ticas del ejecutivo espa\u00f1ol y de la casa real, perpetuando de esta manera el discurso de que los intereses de las empresas espa\u00f1olas coinciden con el inter\u00e9s general de la poblaci\u00f3n.<\/div>\n<div><\/div>\n<div>Hoy, cada vez somos m\u00e1s conscientes de que estas grandes empresas son las que realmente deciden la vida diaria de la ciudadan\u00eda, incluso con una enorme capacidad para sostener o hacer caer gobiernos. La realidad se impone: llenamos el dep\u00f3sito del coche en surtidores de Repsol, gestionamos nuestros ahorros en los bancos Santander y BBVA, establecemos nuestras comunicaciones a trav\u00e9s de Telef\u00f3nica, disfrutamos de la electricidad y el agua caliente que nos suministran Gas Natural Fenosa o Iberdrola&#8230; Nuestras vidas transcurren bajo sus designios y los grandes partidos pol\u00edticos, por supuesto, no se sustraen a ellos: son estas mismas corporaciones transnacionales las que sufragan las campa\u00f1as electorales de los dos partidos mayoritarios, de ah\u00ed que, ante las reformas emprendidas por el gobierno, Emilio Bot\u00edn se haya mostrado \u201ccontento de c\u00f3mo est\u00e1n yendo las cosas\u201d y de la \u201crapidez de las medidas\u201d, que \u201cson magn\u00edficas\u201d, mientras Francisco Gonz\u00e1lez aseguraba, por el contrario, que \u201cel pacto social es bueno pero no suficiente. Hay que sacrificarse y hacer del pa\u00eds un pa\u00eds de progreso\u201d, dec\u00eda el presidente del BBVA, que ped\u00eda tambi\u00e9n \u201cuna reforma laboral de verdad\u201d.<\/div>\n<div><\/div>\n<div>Esta simbiosis entre la pol\u00edtica y el mundo empresarial se nos ha hecho tan cotidiana que nos resulta familiar, incluso, que el presidente del gobierno, sea del partido que sea, realice muchos viajes al exterior acompa\u00f1ado por los m\u00e1ximos mandatarios de las transnacionales espa\u00f1olas. Y da cierta pereza constatar lo que parece obvio: que la finalidad no es defender un mundo m\u00e1s justo, equitativo y en paz, sino \u201chacer negocios\u201d. S\u00f3lo hay que recordar, como ejemplo, los recientes viajes del presidente del gobierno a Qatar, Emiratos \u00c1rabes y China, o c\u00f3mo Jos\u00e9 Bono, encabezando la delegaci\u00f3n parlamentaria que hace unos meses viaj\u00f3 a Guinea Ecuatorial, le dijo a Teodoro Obiang que \u201ces much\u00edsimo m\u00e1s lo que nos une que lo que nos separa\u201d. Eso por no hablar del apoyo de organizaciones vinculadas al expresidente Aznar a la falange santacruze\u00f1a para derrocar al gobierno leg\u00edtimo de Evo Morales en Bolivia a favor de las transnacionales de los hidrocarburos, as\u00ed como los abrazos de nuestros gobernantes y grandes empresarios a personajes como Gadafi, Mubarak, Putin y Uribe, sin olvidar el abandono del pueblo saharaui y las alabanzas de la mayor\u00eda de la clase pol\u00edtica espa\u00f1ola, empezando por el rey, al dictador de Marruecos.<\/div>\n<div><\/div>\n<div>No puede extra\u00f1arnos, en este contexto, que las principales multinacionales espa\u00f1olas le hayan reservado un asiento en sus consejos de administraci\u00f3n a aquellos altos representantes de la clase pol\u00edtica que, en ejercicio de sus funciones, contribuyeron a adecuarles un marco legislativo apropiado. As\u00ed, hemos visto c\u00f3mo la empresa el\u00e9ctrica Endesa ha fichado al expresidente Aznar, mientras Gas Natural Fenosa ha hecho lo propio con Felipe Gonz\u00e1lez. Se hace realidad el paradigma de las puertas giratorias: los gobernantes que salen del ejecutivo despu\u00e9s de cumplir el programa de reformas estructurales y privatizaciones de los servicios p\u00fablicos para favorecer a las empresas transnacionales, tras haberlas saneado con el dinero de toda la ciudadan\u00eda y de defender sus negocios por todo el mundo, son despu\u00e9s incorporados, en base a su \u201cbuen hacer\u201d, como asesores y consejeros de las grandes compa\u00f1\u00edas.<\/div>\n<div><\/div>\n<div>En un momento de crisis en nuestro pa\u00eds, donde se incrementan sin parar las cifras de paro, los servicios p\u00fablicos suben sus tarifas y se deterioran d\u00eda a d\u00eda, la juventud se ve sin horizonte laboral, la inmigraci\u00f3n es perseguida y la gente se queda en la calle por no poder pagar la hipoteca, podemos ver c\u00f3mo las empresas transnacionales y los grandes ejecutivos aumentan escandalosamente sus beneficios. Las cifras son elocuentes: los altos directivos del Ibex-35 vieron c\u00f3mo sus sueldos aumentaron en 2010 el 20% respecto al a\u00f1o anterior; los salarios declarados de estos \u201ctrabajadores\u201d van desde los 10 millones de euros que ganaron Alfredo S\u00e1enz (Banco Santander) y Jos\u00e9 Antonio Taz\u00f3n (Amadeus), hasta los 5,3 millones que obtuvieron Ignacio S\u00e1nchez Gal\u00e1n (Iberdrola) y Francisco Gonz\u00e1lez (BBVA), los 4,5 que gan\u00f3 Antonio Brufau (Repsol) y los 4 millones que ingres\u00f3 Emilio Bot\u00edn. Al mismo tiempo, las empresas del Ibex ganaron un 22% m\u00e1s en 2010, Repsol YPF triplic\u00f3 sus beneficios por la venta de activos y la subida del crudo, y Telef\u00f3nica va a recortar el 20% de su plantilla en Espa\u00f1a tras anunciar que sus beneficios de este a\u00f1o han superado los 10.000 millones de euros y que pagar\u00e1 a sus accionistas un dividendo r\u00e9cord de 7.300 millones. Las cifras son tan elevadas que por obscenas se hacen incre\u00edbles.<\/div>\n<div><\/div>\n<div>Las compa\u00f1\u00edas multinacionales tambi\u00e9n ha creado una provechosa hermandad con la alta jerarqu\u00eda de la Iglesia cat\u00f3lica. \u201cUnos ganan dinero y otros compran el cielo\u201d, que dir\u00eda el otro: el papa Benedicto XVI recibi\u00f3 en julio del a\u00f1o pasado al arzobispo de Madrid, Antonio M\u00aa Rouco Varela, acompa\u00f1ado por los representantes de Telef\u00f3nica, Abengoa, Sacyr Vallehermoso, Iberdrola y los bancos Santander y BBVA, todos ellos miembros de Madrid Vivo, una entidad conformada para financiar la visita del pont\u00edfice a Espa\u00f1a el pr\u00f3ximo mes de agosto. Y junto a ello, las grandes corporaciones tienen operaciones en otros \u201cpara\u00edsos\u201d: 21 empresas del Ibex disponen de filiales en para\u00edsos fiscales, llev\u00e1ndose la palma el Banco Santander (33 empresas radicadas en esos territorios), seguida por Repsol (13), Gas Natural (8) e Inditex (7).<\/div>\n<div><\/div>\n<div>Con todo ello, asistimos imp\u00e1vidos a un escenario en el que mientras el gobierno estatal y muchos gobiernos auton\u00f3micos dicen no tener dinero para fortalecer y ampliar los servicios b\u00e1sicos para la poblaci\u00f3n, fomentar pol\u00edticas de empleo, impulsar pol\u00edticas de vivienda o pagar a las peque\u00f1as empresas que est\u00e1n quebrando por impagos, s\u00ed lo tienen para inyectarlo a las entidades financieras.<\/div>\n<div><\/div>\n<div>Tras reunirse dos veces en cuatro meses con el ejecutivo espa\u00f1ol en el Palacio de la Moncloa, junto con el resto de la c\u00fapula empresarial del pa\u00eds, Bot\u00edn pronosticaba que 2011 \u201cvolver\u00e1 a ser un a\u00f1o excelente\u201d. Pero, seguramente, no entraba en sus planes el que, mediada la primavera, una multitud de hombres y mujeres tomara las calles y las plazas de todo el Estado espa\u00f1ol con una consigna: \u201cNo somos mercanc\u00eda en manos de pol\u00edticos y banqueros\u201d. Y tampoco imaginar\u00eda, suponemos, que \u00e9l mismo iba a convertirse en el protagonista de muchas de las pancartas y carteles: \u201cTu bot\u00edn, mi crisis\u201d; \u201cLo llaman democracia y es Bot\u00edn\u201d. As\u00ed, con unos niveles de desempleo que no paran de crecer, un gobierno que prioriza los intereses de las grandes empresas sobre los de la ciudadan\u00eda y unos empresarios cuyas retribuciones han batido todos los r\u00e9cords en medio de la crisis econ\u00f3mica, mucha gente se pregunta en voz alta: excelente, \u00bfpara qui\u00e9n?<\/div>\n<div><\/div>\n<div>El caso es que, tal y como se ha puesto de manifiesto en las movilizaciones del 15-M, hemos de identificar con nombres y apellidos a los que manejan \u201clos mercados\u201d, a esas empresas transnacionales que nos exprimen y no nos dejan vivir, mientras sus altos ejecutivos comen en el Ritz, viajan en jets particulares, env\u00edan sus \u201cpeque\u00f1os salarios\u201d a para\u00edsos fiscales y almacenan m\u00e1s dinero del que podr\u00edan contar. Por eso, junto con las denuncias y las acciones frente a una democracia formal que \u201cno nos representa\u201d, vale la pena seguir recalcando la responsabilidad de los grandes empresarios en la creaci\u00f3n y gesti\u00f3n de la crisis actual.<\/div>\n<div><\/div>\n<div>En este sentido, continuando con la senda iniciada con las ocupaciones de bancos y sedes de la patronal, as\u00ed como con las actuaciones para parar los desahucios de aquellas personas que no pueden pagar la hipoteca, proponemos que nosotros y nosotras, ciudadanos y ciudadanas de a pie, convoquemos a la vuelta del verano una jornada de protesta contra las mayores multinacionales espa\u00f1olas. De este modo, proponemos realizar en todas las ciudades tres marchas: una sobre la sede de Telef\u00f3nica, otra sobre la de Repsol y otra que llegue hasta la del Banco Santander, [2] movilizaciones con las que podamos seguir se\u00f1alando que \u201cnuestras multinacionales\u201d y los gobiernos que las amparan no nos representan.<\/div>\n<div><\/div>\n<div>&#8211; Luis Nieto Pereira y Pedro Ramiro son Miembros de la Asociaci\u00f3n Paz con Dignidad y del Observatorio de Multinacionales en Am\u00e9rica Latina (OMAL). <a href=\"http:\/\/www.omal.info\/www\/article.php3?id_article=4064\">http:\/\/www.omal.info\/www\/article.php3?id_article=4064<\/a><\/div>\n<div><\/div>\n<div><\/div>\n<div>NOTAS:<\/div>\n<div><\/div>\n<div>[1] Y a fe que lo han logrado: en la actualidad, los negocios en el extranjero le reportan al Banco Santander el 85% de sus ingresos, a Inditex el 70% y a Telef\u00f3nica el 68%.<\/div>\n<div><\/div>\n<div>[2] Dependiendo de cada regi\u00f3n y comunidad aut\u00f3noma, podr\u00eda optarse por hacer marchas hacia las sedes de otras empresas transnacionales espa\u00f1olas.<\/div>\n","protected":false},"excerpt":{"rendered":"<p>\u201cNuestras empresas\u201d. Durante la \u00faltima d\u00e9cada, hemos visto c\u00f3mo en infinidad de ocasiones los gobernantes y los medios de comunicaci\u00f3n se refer\u00edan as\u00ed a las grandes corporaciones espa\u00f1olas: \u201cNuestras empresas est\u00e1n en Am\u00e9rica Latina para quedarse, se trata de una apuesta de Estado que no tiene marcha atr\u00e1s\u201d, dec\u00edan desde el gobierno de Zapatero hace [&hellip;]<\/p>\n","protected":false},"author":1,"featured_media":163,"comment_status":"open","ping_status":"closed","sticky":false,"template":"","format":"standard","meta":{"footnotes":"","jetpack_publicize_message":"","jetpack_publicize_feature_enabled":true,"jetpack_social_post_already_shared":true,"jetpack_social_options":{"image_generator_settings":{"template":"highway","default_image_id":0,"font":"","enabled":false},"version":2}},"categories":[13],"tags":[70,68,67,69],"class_list":["post-164","post","type-post","status-publish","format-standard","has-post-thumbnail","hentry","category-minero-energetico","tag-bbva","tag-espana","tag-multinacionales","tag-repsol"],"jetpack_publicize_connections":[],"jetpack_featured_media_url":"https:\/\/cedins.org\/wp-content\/uploads\/2011\/07\/colonialismo.jpg","_links":{"self":[{"href":"https:\/\/cedins.org\/index.php\/wp-json\/wp\/v2\/posts\/164","targetHints":{"allow":["GET"]}}],"collection":[{"href":"https:\/\/cedins.org\/index.php\/wp-json\/wp\/v2\/posts"}],"about":[{"href":"https:\/\/cedins.org\/index.php\/wp-json\/wp\/v2\/types\/post"}],"author":[{"embeddable":true,"href":"https:\/\/cedins.org\/index.php\/wp-json\/wp\/v2\/users\/1"}],"replies":[{"embeddable":true,"href":"https:\/\/cedins.org\/index.php\/wp-json\/wp\/v2\/comments?post=164"}],"version-history":[{"count":1,"href":"https:\/\/cedins.org\/index.php\/wp-json\/wp\/v2\/posts\/164\/revisions"}],"predecessor-version":[{"id":874,"href":"https:\/\/cedins.org\/index.php\/wp-json\/wp\/v2\/posts\/164\/revisions\/874"}],"wp:featuredmedia":[{"embeddable":true,"href":"https:\/\/cedins.org\/index.php\/wp-json\/wp\/v2\/media\/163"}],"wp:attachment":[{"href":"https:\/\/cedins.org\/index.php\/wp-json\/wp\/v2\/media?parent=164"}],"wp:term":[{"taxonomy":"category","embeddable":true,"href":"https:\/\/cedins.org\/index.php\/wp-json\/wp\/v2\/categories?post=164"},{"taxonomy":"post_tag","embeddable":true,"href":"https:\/\/cedins.org\/index.php\/wp-json\/wp\/v2\/tags?post=164"}],"curies":[{"name":"wp","href":"https:\/\/api.w.org\/{rel}","templated":true}]}}