{"id":1194,"date":"2018-11-14T22:32:42","date_gmt":"2018-11-14T22:32:42","guid":{"rendered":"https:\/\/cedins.org\/?p=1194"},"modified":"2018-11-14T22:50:42","modified_gmt":"2018-11-14T22:50:42","slug":"ignacio-torres-giraldo-vida-y-obra-50-anos-despues","status":"publish","type":"post","link":"https:\/\/cedins.org\/index.php\/2018\/11\/14\/ignacio-torres-giraldo-vida-y-obra-50-anos-despues\/","title":{"rendered":"Ignacio Torres Giraldo Vida y Obra 50 A\u00f1os Despu\u00e9s"},"content":{"rendered":"<p><img decoding=\"async\" class=\"alignleft wp-image-1198\" src=\"https:\/\/cedins.org\/wp-content\/uploads\/2018\/11\/losinconformes.jpeg\" alt=\"\" width=\"156\" height=\"222\" \/>La Universidad del Valle ha realizado un trabajo de recuperaci\u00f3n del archivo del dirigente obrero comunista Ignacio Torres Giraldo. Este esfuerzo se da a la luz cerca de la conmemoraci\u00f3n de los 90 a\u00f1os de la Masacre de las Bananeras, el 6 de Diciembre de 1928, a\u00f1o en el cual los trabajadores y trabajadoras colombianas desataron luchas no solo gremiales sino pol\u00edticas. Pero tambi\u00e9n en momentos en que la memoria de las luchas y la cultura obrera se convierten en bastiones fundamentales para lograr superar la crisis del movimiento sindical. El archivo al cual se puede acceder en formato digital da cuenta de correspondencia, escritos literarios, fotograf\u00edas y escritos pol\u00edticos de Torres Giraldo.<\/p>\n<p><iframe title=\"Ignacio Torres Giraldo Vida y Obra 50 A\u00f1os Despu\u00e9s\" width=\"800\" height=\"450\" src=\"https:\/\/www.youtube.com\/embed\/V5KrNcN2id8?feature=oembed\" frameborder=\"0\" allow=\"accelerometer; autoplay; clipboard-write; encrypted-media; gyroscope; picture-in-picture; web-share\" referrerpolicy=\"strict-origin-when-cross-origin\" allowfullscreen><\/iframe><\/p>\n","protected":false},"excerpt":{"rendered":"<p>La Universidad del Valle ha realizado un trabajo de recuperaci\u00f3n del archivo del dirigente obrero comunista Ignacio Torres Giraldo. Este esfuerzo se da a la luz cerca de la conmemoraci\u00f3n de los 90 a\u00f1os de la Masacre de las Bananeras, el 6 de Diciembre de 1928, a\u00f1o en el cual los trabajadores y trabajadoras colombianas [&hellip;]<\/p>\n","protected":false},"author":3,"featured_media":1198,"comment_status":"open","ping_status":"closed","sticky":false,"template":"","format":"standard","meta":{"footnotes":"","jetpack_publicize_message":"","jetpack_publicize_feature_enabled":true,"jetpack_social_post_already_shared":true,"jetpack_social_options":{"image_generator_settings":{"template":"highway","default_image_id":0,"font":"","enabled":false},"version":2}},"categories":[509,7,518,4],"tags":[543,43,542,541,539,382],"class_list":["post-1194","post","type-post","status-publish","format-standard","has-post-thumbnail","hentry","category-escuela-sindical","category-investigaci","category-movimientos-sociales","category-sindical","tag-archivos","tag-colombia","tag-cultura-obrera","tag-ignacio-torres-giraldo","tag-memoria","tag-movimiento-obrero"],"jetpack_publicize_connections":[],"jetpack_featured_media_url":"https:\/\/cedins.org\/wp-content\/uploads\/2018\/11\/losinconformes.jpeg","_links":{"self":[{"href":"https:\/\/cedins.org\/index.php\/wp-json\/wp\/v2\/posts\/1194","targetHints":{"allow":["GET"]}}],"collection":[{"href":"https:\/\/cedins.org\/index.php\/wp-json\/wp\/v2\/posts"}],"about":[{"href":"https:\/\/cedins.org\/index.php\/wp-json\/wp\/v2\/types\/post"}],"author":[{"embeddable":true,"href":"https:\/\/cedins.org\/index.php\/wp-json\/wp\/v2\/users\/3"}],"replies":[{"embeddable":true,"href":"https:\/\/cedins.org\/index.php\/wp-json\/wp\/v2\/comments?post=1194"}],"version-history":[{"count":4,"href":"https:\/\/cedins.org\/index.php\/wp-json\/wp\/v2\/posts\/1194\/revisions"}],"predecessor-version":[{"id":1202,"href":"https:\/\/cedins.org\/index.php\/wp-json\/wp\/v2\/posts\/1194\/revisions\/1202"}],"wp:featuredmedia":[{"embeddable":true,"href":"https:\/\/cedins.org\/index.php\/wp-json\/wp\/v2\/media\/1198"}],"wp:attachment":[{"href":"https:\/\/cedins.org\/index.php\/wp-json\/wp\/v2\/media?parent=1194"}],"wp:term":[{"taxonomy":"category","embeddable":true,"href":"https:\/\/cedins.org\/index.php\/wp-json\/wp\/v2\/categories?post=1194"},{"taxonomy":"post_tag","embeddable":true,"href":"https:\/\/cedins.org\/index.php\/wp-json\/wp\/v2\/tags?post=1194"}],"curies":[{"name":"wp","href":"https:\/\/api.w.org\/{rel}","templated":true}]}}