{"id":1176,"date":"2018-11-08T18:33:20","date_gmt":"2018-11-08T18:33:20","guid":{"rendered":"https:\/\/cedins.org\/?p=1176"},"modified":"2018-11-08T18:42:10","modified_gmt":"2018-11-08T18:42:10","slug":"programa-de-investigacion-sobre-archivos-y-movimientos-sociales","status":"publish","type":"post","link":"https:\/\/cedins.org\/index.php\/2018\/11\/08\/programa-de-investigacion-sobre-archivos-y-movimientos-sociales\/","title":{"rendered":"Programa de investigaci\u00f3n sobre archivos y movimientos sociales"},"content":{"rendered":"<p><img fetchpriority=\"high\" decoding=\"async\" class=\"alignleft size-medium wp-image-1179\" src=\"https:\/\/cedins.org\/wp-content\/uploads\/2018\/11\/archivos-1-300x173.png\" alt=\"\" width=\"300\" height=\"173\" srcset=\"https:\/\/cedins.org\/wp-content\/uploads\/2018\/11\/archivos-1-300x173.png 300w, https:\/\/cedins.org\/wp-content\/uploads\/2018\/11\/archivos-1.png 400w\" sizes=\"(max-width: 300px) 100vw, 300px\" \/>El programa de investigaci\u00f3n sobre archivos y movimientos sociales es un esfuerzo por acercarse al an\u00e1lisis del pasado de nuestro pa\u00eds a partir de la documentaci\u00f3n producida por el movimiento social colombiano. Una mirada del pasado y el conflicto armado desde lo urbano, lo rural y lo art\u00edstico. El proyecto trabaja desde cuatro fondos documentales: el archivo de la ex dirigente del magisterio Bertina Calder\u00f3n, el del dirigente pol\u00edtico Nelson Berr\u00edo, el fondo fotogr\u00e1fico de Cedins y el archivo del CSPP.<\/p>\n<p><iframe title=\"Programa de Archivos y Movimientos Sociales. Cesycme.\" width=\"800\" height=\"450\" src=\"https:\/\/www.youtube.com\/embed\/upjXdpKE0-Y?feature=oembed\" frameborder=\"0\" allow=\"accelerometer; autoplay; clipboard-write; encrypted-media; gyroscope; picture-in-picture; web-share\" referrerpolicy=\"strict-origin-when-cross-origin\" allowfullscreen><\/iframe><\/p>\n","protected":false},"excerpt":{"rendered":"<p>El programa de investigaci\u00f3n sobre archivos y movimientos sociales es un esfuerzo por acercarse al an\u00e1lisis del pasado de nuestro pa\u00eds a partir de la documentaci\u00f3n producida por el movimiento social colombiano. Una mirada del pasado y el conflicto armado desde lo urbano, lo rural y lo art\u00edstico. El proyecto trabaja desde cuatro fondos documentales: [&hellip;]<\/p>\n","protected":false},"author":3,"featured_media":1179,"comment_status":"open","ping_status":"closed","sticky":false,"template":"","format":"standard","meta":{"footnotes":"","jetpack_publicize_message":"","jetpack_publicize_feature_enabled":true,"jetpack_social_post_already_shared":true,"jetpack_social_options":{"image_generator_settings":{"template":"highway","default_image_id":0,"font":"","enabled":false},"version":2}},"categories":[30,7,518],"tags":[540,43,521,539,492],"class_list":["post-1176","post","type-post","status-publish","format-standard","has-post-thumbnail","hentry","category-comunicacion-y-cultura","category-investigaci","category-movimientos-sociales","tag-archivos-historicos","tag-colombia","tag-investigacion","tag-memoria","tag-movimientos-sociales"],"jetpack_publicize_connections":[],"jetpack_featured_media_url":"https:\/\/cedins.org\/wp-content\/uploads\/2018\/11\/archivos-1.png","_links":{"self":[{"href":"https:\/\/cedins.org\/index.php\/wp-json\/wp\/v2\/posts\/1176","targetHints":{"allow":["GET"]}}],"collection":[{"href":"https:\/\/cedins.org\/index.php\/wp-json\/wp\/v2\/posts"}],"about":[{"href":"https:\/\/cedins.org\/index.php\/wp-json\/wp\/v2\/types\/post"}],"author":[{"embeddable":true,"href":"https:\/\/cedins.org\/index.php\/wp-json\/wp\/v2\/users\/3"}],"replies":[{"embeddable":true,"href":"https:\/\/cedins.org\/index.php\/wp-json\/wp\/v2\/comments?post=1176"}],"version-history":[{"count":3,"href":"https:\/\/cedins.org\/index.php\/wp-json\/wp\/v2\/posts\/1176\/revisions"}],"predecessor-version":[{"id":1181,"href":"https:\/\/cedins.org\/index.php\/wp-json\/wp\/v2\/posts\/1176\/revisions\/1181"}],"wp:featuredmedia":[{"embeddable":true,"href":"https:\/\/cedins.org\/index.php\/wp-json\/wp\/v2\/media\/1179"}],"wp:attachment":[{"href":"https:\/\/cedins.org\/index.php\/wp-json\/wp\/v2\/media?parent=1176"}],"wp:term":[{"taxonomy":"category","embeddable":true,"href":"https:\/\/cedins.org\/index.php\/wp-json\/wp\/v2\/categories?post=1176"},{"taxonomy":"post_tag","embeddable":true,"href":"https:\/\/cedins.org\/index.php\/wp-json\/wp\/v2\/tags?post=1176"}],"curies":[{"name":"wp","href":"https:\/\/api.w.org\/{rel}","templated":true}]}}